{"id":9948,"date":"2025-09-15T10:00:57","date_gmt":"2025-09-15T08:00:57","guid":{"rendered":"https:\/\/www.mycoyote.es\/blog\/?p=9948"},"modified":"2025-09-04T16:27:41","modified_gmt":"2025-09-04T14:27:41","slug":"que-pasa-si-usas-una-baliza-v16-no-conectada-despues-del-1-de-enero-de-2026","status":"publish","type":"post","link":"https:\/\/www.mycoyote.es\/blog\/sin-clasificar\/que-pasa-si-usas-una-baliza-v16-no-conectada-despues-del-1-de-enero-de-2026\/","title":{"rendered":"\u00bfQu\u00e9 pasa si usas una baliza V16 no conectada despu\u00e9s del 1 de enero de 2026?"},"content":{"rendered":"<p>En los \u00faltimos a\u00f1os, la baliza de emergencia V16 ha ido sustituyendo progresivamente a los cl\u00e1sicos tri\u00e1ngulos de se\u00f1alizaci\u00f3n. Pero \u00a1atenci\u00f3n! A partir del 1 de enero de 2026, solo los modelos conectados estar\u00e1n autorizados en las carreteras espa\u00f1olas. \u00bfQu\u00e9 ocurre si sigues utilizando una baliza V16 sin conexi\u00f3n despu\u00e9s de esa fecha? \u00bfQu\u00e9 riesgos asumes y qu\u00e9 sanciones podr\u00edas recibir? Te lo explicamos.<\/p>\n<h2>Fin del uso de tri\u00e1ngulos y balizas no conectadas<\/h2>\n<p>Hasta el 31 de diciembre de 2025, los conductores pueden utilizar:<\/p>\n<ul>\n<li>los tri\u00e1ngulos de emergencia tradicionales, o bien<\/li>\n<li>balizas V16 sin conexi\u00f3n, siempre que est\u00e9n homologadas.<\/li>\n<\/ul>\n<p>Pero este periodo de transici\u00f3n terminar\u00e1 el 1 de enero de 2026. Desde ese momento, solo ser\u00e1 legal utilizar un tipo de dispositivo de prese\u00f1alizaci\u00f3n: la baliza V16 conectada, equipada con un sistema de geolocalizaci\u00f3n que transmite la posici\u00f3n del veh\u00edculo a la plataforma DGT 3.0 en tiempo real.<\/p>\n<h2>\u00bfPor qu\u00e9 se hace obligatoria la baliza conectada?<\/h2>\n<p>La baliza V16 conectada mejora la seguridad vial por varias razones:<\/p>\n<ul>\n<li>Se puede colocar en el techo sin salir del veh\u00edculo, incluso en condiciones peligrosas.<\/li>\n<li>Emite una luz visible a m\u00e1s de 1 km, incluso con mal tiempo.<\/li>\n<li>Y lo m\u00e1s importante: env\u00eda autom\u00e1ticamente la ubicaci\u00f3n del veh\u00edculo a la DGT, alertando al resto de usuarios y agilizando la intervenci\u00f3n de los servicios de emergencia.<\/li>\n<\/ul>\n<p>Esta medida forma parte de la apuesta por una movilidad m\u00e1s segura, conectada y digitalizada.<\/p>\n<h2>\u00bfQu\u00e9 pasa si usas una baliza no conectada despu\u00e9s de 2026?<\/h2>\n<p>Usar una baliza V16 sin conexi\u00f3n (aunque est\u00e9 homologada) a partir del 1 de enero de 2026 ser\u00e1 una infracci\u00f3n de tr\u00e1fico. Se considerar\u00e1 que el veh\u00edculo no cuenta con el equipamiento obligatorio de seguridad.<\/p>\n<p>Posibles sanciones:<\/p>\n<ul>\n<li>Multa de hasta 80\u202f\u20ac, e incluso 200\u202f\u20ac seg\u00fan el caso (reducci\u00f3n al 50\u202f% por pronto pago).<\/li>\n<li>Adem\u00e1s, en caso de accidente, tu aseguradora podr\u00eda poner objeciones si comprueba que no utilizabas un dispositivo conforme a la normativa.<\/li>\n<\/ul>\n<h2>\u00bfC\u00f3mo saber si tu baliza es v\u00e1lida para 2026?<\/h2>\n<p>Una baliza ser\u00e1 legal despu\u00e9s de 2026 solo si cumple estos requisitos:<\/p>\n<ul>\n<li>Tiene sello de homologaci\u00f3n oficial expedido por la DGT.<\/li>\n<li>Dispone de m\u00f3dulo de conectividad certificado.<\/li>\n<li>Garantiza una autonom\u00eda m\u00ednima de 12 meses una vez activada.<\/li>\n<li>Est\u00e1 registrada en la plataforma DGT 3.0.<\/li>\n<\/ul>\n<p>\u00a1Muchos modelos a\u00fan a la venta en marketplaces no est\u00e1n conectados! Antes de comprar, revisa que indique claramente \u201cconectada a DGT 3.0\u201d.<\/p>\n<p>Y para ayudarte a\u00fan m\u00e1s en tus desplazamientos, la\u00a0<a href=\"https:\/\/www.mycoyote.es\/es\/product\/606\/App-Coyote.html\">app Coyote<\/a>\u00a0te muestra en tiempo real las limitaciones de velocidad y los posibles incidentes en tu ruta.<\/p>\n<p><a class=\"btn btn-primary dark mx-auto\" href=\"https:\/\/www.mycoyote.es\/es\/product\/606\/App-Coyote.html\" target=\"_blank\" rel=\"noopener\"> Descubrir<i class=\"bi bi-arrow-right-short\"><\/i><\/a><\/p>\n<h2>\u00bfQu\u00e9 baliza V16 conectada deber\u00edas elegir?<\/h2>\n<p>La lista de fabricantes autorizados est\u00e1 disponible en la web oficial de la DGT. A la hora de elegir:<\/p>\n<p>Evita productos muy baratos o sin referencias.<\/p>\n<p>Apuesta por marcas reconocidas y distribuidores de confianza.<\/p>\n<p>Aseg\u00farate de que el modelo incluye conectividad integrada, sin necesidad de SIM ni suscripciones.<\/p>\n<p>El 1 de enero de 2026 marcar\u00e1 un antes y un despu\u00e9s en la forma de se\u00f1alizar una aver\u00eda o una emergencia en carretera. La entrada en vigor de la obligatoriedad de la baliza V16 conectada no es solo un cambio legal: es un paso adelante en la seguridad vial para todos.<\/p>\n<p>Instalar hoy una baliza conectada en tu veh\u00edculo significa:<\/p>\n<ul>\n<li>Estar en regla antes de tiempo,<\/li>\n<li>Aumentar tu seguridad personal y la de tus pasajeros,<\/li>\n<li>Facilitar la actuaci\u00f3n r\u00e1pida de los servicios de emergencia en caso de accidente o aver\u00eda,<\/li>\n<li>Y contribuir a una movilidad m\u00e1s inteligente y cooperativa en las carreteras espa\u00f1olas.<\/li>\n<\/ul>\n<p>No esperes al \u00faltimo momento ni te arriesgues a comprar un dispositivo que pronto ser\u00e1 ilegal. Consulta siempre la homologaci\u00f3n, aseg\u00farate de la conectividad a DGT 3.0 y apuesta por fabricantes fiables.<\/p>\n<p>Consulta todas las novedades del mundo del motor en el<strong>\u00a0<\/strong><a href=\"https:\/\/www.mycoyote.es\/blog\/\"><strong>blog de Coyote<\/strong><\/a><strong>.<\/strong><\/p>\n","protected":false},"excerpt":{"rendered":"<p>En los \u00faltimos a\u00f1os, la baliza de emergencia V16 ha ido sustituyendo progresivamente a los cl\u00e1sicos tri\u00e1ngulos de se\u00f1alizaci\u00f3n. Pero [&hellip;]<\/p>\n","protected":false},"author":118,"featured_media":9951,"comment_status":"open","ping_status":"open","sticky":false,"template":"","format":"standard","meta":{"_acf_changed":false,"footnotes":""},"categories":[18],"tags":[],"class_list":["post-9948","post","type-post","status-publish","format-standard","has-post-thumbnail","hentry","category-sin-clasificar"],"acf":[],"yoast_head":"<!-- This site is optimized with the Yoast SEO plugin v25.9 - https:\/\/yoast.com\/wordpress\/plugins\/seo\/ -->\n<title>Baliza V16 sin conexi\u00f3n: uso tras 1 de enero 2026<\/title>\n<meta name=\"description\" content=\"A partir de 2026, solo estar\u00e1n permitidas las balizas V16 conectadas a la DGT. Descubre qu\u00e9 riesgos asumes si usas un modelo no homologado.\" \/>\n<meta name=\"robots\" content=\"index, follow, max-snippet:-1, max-image-preview:large, max-video-preview:-1\" \/>\n<link rel=\"canonical\" href=\"https:\/\/www.mycoyote.es\/blog\/sin-clasificar\/que-pasa-si-usas-una-baliza-v16-no-conectada-despues-del-1-de-enero-de-2026\/\" \/>\n<meta property=\"og:locale\" content=\"es_ES\" \/>\n<meta property=\"og:type\" content=\"article\" \/>\n<meta property=\"og:title\" content=\"Baliza V16 sin conexi\u00f3n: uso tras 1 de enero 2026\" \/>\n<meta property=\"og:description\" content=\"A partir de 2026, solo estar\u00e1n permitidas las balizas V16 conectadas a la DGT. Descubre qu\u00e9 riesgos asumes si usas un modelo no homologado.\" \/>\n<meta property=\"og:url\" content=\"https:\/\/www.mycoyote.es\/blog\/sin-clasificar\/que-pasa-si-usas-una-baliza-v16-no-conectada-despues-del-1-de-enero-de-2026\/\" \/>\n<meta property=\"og:site_name\" content=\"El Blog Coyote\" \/>\n<meta property=\"article:publisher\" content=\"https:\/\/www.facebook.com\/MyCoyote\/\" \/>\n<meta property=\"article:published_time\" content=\"2025-09-15T08:00:57+00:00\" \/>\n<meta property=\"og:image\" content=\"https:\/\/medias.coyotesystems.com\/wordpress\/sites\/18\/2025\/09\/blog_es.webp\" \/>\n\t<meta property=\"og:image:width\" content=\"1920\" \/>\n\t<meta property=\"og:image:height\" content=\"1200\" \/>\n\t<meta property=\"og:image:type\" content=\"image\/webp\" \/>\n<meta name=\"author\" content=\"Nathan Thierry\" \/>\n<meta name=\"twitter:card\" content=\"summary_large_image\" \/>\n<meta name=\"twitter:creator\" content=\"@Coyote_ES\" \/>\n<meta name=\"twitter:site\" content=\"@Coyote_ES\" \/>\n<meta name=\"twitter:label1\" content=\"Written by\" \/>\n\t<meta name=\"twitter:data1\" content=\"Nathan Thierry\" \/>\n\t<meta name=\"twitter:label2\" content=\"Est. reading time\" \/>\n\t<meta name=\"twitter:data2\" content=\"4 minutos\" \/>\n<script type=\"application\/ld+json\" class=\"yoast-schema-graph\">{\"@context\":\"https:\/\/schema.org\",\"@graph\":[{\"@type\":\"Article\",\"@id\":\"https:\/\/www.mycoyote.es\/blog\/sin-clasificar\/que-pasa-si-usas-una-baliza-v16-no-conectada-despues-del-1-de-enero-de-2026\/#article\",\"isPartOf\":{\"@id\":\"https:\/\/www.mycoyote.es\/blog\/sin-clasificar\/que-pasa-si-usas-una-baliza-v16-no-conectada-despues-del-1-de-enero-de-2026\/\"},\"author\":{\"name\":\"Nathan Thierry\",\"@id\":\"https:\/\/www.mycoyote.es\/blog\/#\/schema\/person\/f5af150ab710178af89daa9671962d2c\"},\"headline\":\"\u00bfQu\u00e9 pasa si usas una baliza V16 no conectada despu\u00e9s del 1 de enero de 2026?\",\"datePublished\":\"2025-09-15T08:00:57+00:00\",\"mainEntityOfPage\":{\"@id\":\"https:\/\/www.mycoyote.es\/blog\/sin-clasificar\/que-pasa-si-usas-una-baliza-v16-no-conectada-despues-del-1-de-enero-de-2026\/\"},\"wordCount\":683,\"commentCount\":0,\"publisher\":{\"@id\":\"https:\/\/www.mycoyote.es\/blog\/#organization\"},\"image\":{\"@id\":\"https:\/\/www.mycoyote.es\/blog\/sin-clasificar\/que-pasa-si-usas-una-baliza-v16-no-conectada-despues-del-1-de-enero-de-2026\/#primaryimage\"},\"thumbnailUrl\":\"https:\/\/medias.coyotesystems.com\/wordpress\/sites\/18\/2025\/09\/blog_es.webp\",\"articleSection\":[\"Sin clasificar\"],\"inLanguage\":\"es\",\"potentialAction\":[{\"@type\":\"CommentAction\",\"name\":\"Comment\",\"target\":[\"https:\/\/www.mycoyote.es\/blog\/sin-clasificar\/que-pasa-si-usas-una-baliza-v16-no-conectada-despues-del-1-de-enero-de-2026\/#respond\"]}]},{\"@type\":\"WebPage\",\"@id\":\"https:\/\/www.mycoyote.es\/blog\/sin-clasificar\/que-pasa-si-usas-una-baliza-v16-no-conectada-despues-del-1-de-enero-de-2026\/\",\"url\":\"https:\/\/www.mycoyote.es\/blog\/sin-clasificar\/que-pasa-si-usas-una-baliza-v16-no-conectada-despues-del-1-de-enero-de-2026\/\",\"name\":\"Baliza V16 sin conexi\u00f3n: uso tras 1 de enero 2026\",\"isPartOf\":{\"@id\":\"https:\/\/www.mycoyote.es\/blog\/#website\"},\"primaryImageOfPage\":{\"@id\":\"https:\/\/www.mycoyote.es\/blog\/sin-clasificar\/que-pasa-si-usas-una-baliza-v16-no-conectada-despues-del-1-de-enero-de-2026\/#primaryimage\"},\"image\":{\"@id\":\"https:\/\/www.mycoyote.es\/blog\/sin-clasificar\/que-pasa-si-usas-una-baliza-v16-no-conectada-despues-del-1-de-enero-de-2026\/#primaryimage\"},\"thumbnailUrl\":\"https:\/\/medias.coyotesystems.com\/wordpress\/sites\/18\/2025\/09\/blog_es.webp\",\"datePublished\":\"2025-09-15T08:00:57+00:00\",\"description\":\"A partir de 2026, solo estar\u00e1n permitidas las balizas V16 conectadas a la DGT. Descubre qu\u00e9 riesgos asumes si usas un modelo no homologado.\",\"breadcrumb\":{\"@id\":\"https:\/\/www.mycoyote.es\/blog\/sin-clasificar\/que-pasa-si-usas-una-baliza-v16-no-conectada-despues-del-1-de-enero-de-2026\/#breadcrumb\"},\"inLanguage\":\"es\",\"potentialAction\":[{\"@type\":\"ReadAction\",\"target\":[\"https:\/\/www.mycoyote.es\/blog\/sin-clasificar\/que-pasa-si-usas-una-baliza-v16-no-conectada-despues-del-1-de-enero-de-2026\/\"]}]},{\"@type\":\"ImageObject\",\"inLanguage\":\"es\",\"@id\":\"https:\/\/www.mycoyote.es\/blog\/sin-clasificar\/que-pasa-si-usas-una-baliza-v16-no-conectada-despues-del-1-de-enero-de-2026\/#primaryimage\",\"url\":\"https:\/\/medias.coyotesystems.com\/wordpress\/sites\/18\/2025\/09\/blog_es.webp\",\"contentUrl\":\"https:\/\/medias.coyotesystems.com\/wordpress\/sites\/18\/2025\/09\/blog_es.webp\",\"width\":1920,\"height\":1200},{\"@type\":\"BreadcrumbList\",\"@id\":\"https:\/\/www.mycoyote.es\/blog\/sin-clasificar\/que-pasa-si-usas-una-baliza-v16-no-conectada-despues-del-1-de-enero-de-2026\/#breadcrumb\",\"itemListElement\":[{\"@type\":\"ListItem\",\"position\":1,\"name\":\"Home\",\"item\":\"https:\/\/www.mycoyote.es\/blog\/\"},{\"@type\":\"ListItem\",\"position\":2,\"name\":\"Sin clasificar\",\"item\":\"https:\/\/www.mycoyote.es\/blog\/sin-clasificar\/\"},{\"@type\":\"ListItem\",\"position\":3,\"name\":\"\u00bfQu\u00e9 pasa si usas una baliza V16 no conectada despu\u00e9s del 1 de enero de 2026?\"}]},{\"@type\":\"WebSite\",\"@id\":\"https:\/\/www.mycoyote.es\/blog\/#website\",\"url\":\"https:\/\/www.mycoyote.es\/blog\/\",\"name\":\"El Blog Coyote\",\"description\":\"\",\"publisher\":{\"@id\":\"https:\/\/www.mycoyote.es\/blog\/#organization\"},\"potentialAction\":[{\"@type\":\"SearchAction\",\"target\":{\"@type\":\"EntryPoint\",\"urlTemplate\":\"https:\/\/www.mycoyote.es\/blog\/?s={search_term_string}\"},\"query-input\":{\"@type\":\"PropertyValueSpecification\",\"valueRequired\":true,\"valueName\":\"search_term_string\"}}],\"inLanguage\":\"es\"},{\"@type\":\"Organization\",\"@id\":\"https:\/\/www.mycoyote.es\/blog\/#organization\",\"name\":\"Coyote\",\"url\":\"https:\/\/www.mycoyote.es\/blog\/\",\"logo\":{\"@type\":\"ImageObject\",\"inLanguage\":\"es\",\"@id\":\"https:\/\/www.mycoyote.es\/blog\/#\/schema\/logo\/image\/\",\"url\":\"https:\/\/medias.coyotesystems.com\/wordpress\/sites\/18\/2024\/02\/Logo-Coyote-1.png\",\"contentUrl\":\"https:\/\/medias.coyotesystems.com\/wordpress\/sites\/18\/2024\/02\/Logo-Coyote-1.png\",\"width\":842,\"height\":263,\"caption\":\"Coyote\"},\"image\":{\"@id\":\"https:\/\/www.mycoyote.es\/blog\/#\/schema\/logo\/image\/\"},\"sameAs\":[\"https:\/\/www.facebook.com\/MyCoyote\/\",\"https:\/\/x.com\/Coyote_ES\",\"https:\/\/www.instagram.com\/coyote_es\/\",\"https:\/\/www.youtube.com\/user\/CoyoteEspana\"]},{\"@type\":\"Person\",\"@id\":\"https:\/\/www.mycoyote.es\/blog\/#\/schema\/person\/f5af150ab710178af89daa9671962d2c\",\"name\":\"Nathan Thierry\",\"image\":{\"@type\":\"ImageObject\",\"inLanguage\":\"es\",\"@id\":\"https:\/\/www.mycoyote.es\/blog\/#\/schema\/person\/image\/\",\"url\":\"https:\/\/secure.gravatar.com\/avatar\/a55944ac691bd0ff56f862eae2454ca1bb9e420f824642e24d6e59b58f4de8f0?s=96&d=mm&r=g\",\"contentUrl\":\"https:\/\/secure.gravatar.com\/avatar\/a55944ac691bd0ff56f862eae2454ca1bb9e420f824642e24d6e59b58f4de8f0?s=96&d=mm&r=g\",\"caption\":\"Nathan Thierry\"}}]}<\/script>\n<!-- \/ Yoast SEO plugin. -->","yoast_head_json":{"title":"Baliza V16 sin conexi\u00f3n: uso tras 1 de enero 2026","description":"A partir de 2026, solo estar\u00e1n permitidas las balizas V16 conectadas a la DGT. Descubre qu\u00e9 riesgos asumes si usas un modelo no homologado.","robots":{"index":"index","follow":"follow","max-snippet":"max-snippet:-1","max-image-preview":"max-image-preview:large","max-video-preview":"max-video-preview:-1"},"canonical":"https:\/\/www.mycoyote.es\/blog\/sin-clasificar\/que-pasa-si-usas-una-baliza-v16-no-conectada-despues-del-1-de-enero-de-2026\/","og_locale":"es_ES","og_type":"article","og_title":"Baliza V16 sin conexi\u00f3n: uso tras 1 de enero 2026","og_description":"A partir de 2026, solo estar\u00e1n permitidas las balizas V16 conectadas a la DGT. Descubre qu\u00e9 riesgos asumes si usas un modelo no homologado.","og_url":"https:\/\/www.mycoyote.es\/blog\/sin-clasificar\/que-pasa-si-usas-una-baliza-v16-no-conectada-despues-del-1-de-enero-de-2026\/","og_site_name":"El Blog Coyote","article_publisher":"https:\/\/www.facebook.com\/MyCoyote\/","article_published_time":"2025-09-15T08:00:57+00:00","og_image":[{"width":1920,"height":1200,"url":"https:\/\/medias.coyotesystems.com\/wordpress\/sites\/18\/2025\/09\/blog_es.webp","type":"image\/webp"}],"author":"Nathan Thierry","twitter_card":"summary_large_image","twitter_creator":"@Coyote_ES","twitter_site":"@Coyote_ES","twitter_misc":{"Written by":"Nathan Thierry","Est. reading time":"4 minutos"},"schema":{"@context":"https:\/\/schema.org","@graph":[{"@type":"Article","@id":"https:\/\/www.mycoyote.es\/blog\/sin-clasificar\/que-pasa-si-usas-una-baliza-v16-no-conectada-despues-del-1-de-enero-de-2026\/#article","isPartOf":{"@id":"https:\/\/www.mycoyote.es\/blog\/sin-clasificar\/que-pasa-si-usas-una-baliza-v16-no-conectada-despues-del-1-de-enero-de-2026\/"},"author":{"name":"Nathan Thierry","@id":"https:\/\/www.mycoyote.es\/blog\/#\/schema\/person\/f5af150ab710178af89daa9671962d2c"},"headline":"\u00bfQu\u00e9 pasa si usas una baliza V16 no conectada despu\u00e9s del 1 de enero de 2026?","datePublished":"2025-09-15T08:00:57+00:00","mainEntityOfPage":{"@id":"https:\/\/www.mycoyote.es\/blog\/sin-clasificar\/que-pasa-si-usas-una-baliza-v16-no-conectada-despues-del-1-de-enero-de-2026\/"},"wordCount":683,"commentCount":0,"publisher":{"@id":"https:\/\/www.mycoyote.es\/blog\/#organization"},"image":{"@id":"https:\/\/www.mycoyote.es\/blog\/sin-clasificar\/que-pasa-si-usas-una-baliza-v16-no-conectada-despues-del-1-de-enero-de-2026\/#primaryimage"},"thumbnailUrl":"https:\/\/medias.coyotesystems.com\/wordpress\/sites\/18\/2025\/09\/blog_es.webp","articleSection":["Sin clasificar"],"inLanguage":"es","potentialAction":[{"@type":"CommentAction","name":"Comment","target":["https:\/\/www.mycoyote.es\/blog\/sin-clasificar\/que-pasa-si-usas-una-baliza-v16-no-conectada-despues-del-1-de-enero-de-2026\/#respond"]}]},{"@type":"WebPage","@id":"https:\/\/www.mycoyote.es\/blog\/sin-clasificar\/que-pasa-si-usas-una-baliza-v16-no-conectada-despues-del-1-de-enero-de-2026\/","url":"https:\/\/www.mycoyote.es\/blog\/sin-clasificar\/que-pasa-si-usas-una-baliza-v16-no-conectada-despues-del-1-de-enero-de-2026\/","name":"Baliza V16 sin conexi\u00f3n: uso tras 1 de enero 2026","isPartOf":{"@id":"https:\/\/www.mycoyote.es\/blog\/#website"},"primaryImageOfPage":{"@id":"https:\/\/www.mycoyote.es\/blog\/sin-clasificar\/que-pasa-si-usas-una-baliza-v16-no-conectada-despues-del-1-de-enero-de-2026\/#primaryimage"},"image":{"@id":"https:\/\/www.mycoyote.es\/blog\/sin-clasificar\/que-pasa-si-usas-una-baliza-v16-no-conectada-despues-del-1-de-enero-de-2026\/#primaryimage"},"thumbnailUrl":"https:\/\/medias.coyotesystems.com\/wordpress\/sites\/18\/2025\/09\/blog_es.webp","datePublished":"2025-09-15T08:00:57+00:00","description":"A partir de 2026, solo estar\u00e1n permitidas las balizas V16 conectadas a la DGT. Descubre qu\u00e9 riesgos asumes si usas un modelo no homologado.","breadcrumb":{"@id":"https:\/\/www.mycoyote.es\/blog\/sin-clasificar\/que-pasa-si-usas-una-baliza-v16-no-conectada-despues-del-1-de-enero-de-2026\/#breadcrumb"},"inLanguage":"es","potentialAction":[{"@type":"ReadAction","target":["https:\/\/www.mycoyote.es\/blog\/sin-clasificar\/que-pasa-si-usas-una-baliza-v16-no-conectada-despues-del-1-de-enero-de-2026\/"]}]},{"@type":"ImageObject","inLanguage":"es","@id":"https:\/\/www.mycoyote.es\/blog\/sin-clasificar\/que-pasa-si-usas-una-baliza-v16-no-conectada-despues-del-1-de-enero-de-2026\/#primaryimage","url":"https:\/\/medias.coyotesystems.com\/wordpress\/sites\/18\/2025\/09\/blog_es.webp","contentUrl":"https:\/\/medias.coyotesystems.com\/wordpress\/sites\/18\/2025\/09\/blog_es.webp","width":1920,"height":1200},{"@type":"BreadcrumbList","@id":"https:\/\/www.mycoyote.es\/blog\/sin-clasificar\/que-pasa-si-usas-una-baliza-v16-no-conectada-despues-del-1-de-enero-de-2026\/#breadcrumb","itemListElement":[{"@type":"ListItem","position":1,"name":"Home","item":"https:\/\/www.mycoyote.es\/blog\/"},{"@type":"ListItem","position":2,"name":"Sin clasificar","item":"https:\/\/www.mycoyote.es\/blog\/sin-clasificar\/"},{"@type":"ListItem","position":3,"name":"\u00bfQu\u00e9 pasa si usas una baliza V16 no conectada despu\u00e9s del 1 de enero de 2026?"}]},{"@type":"WebSite","@id":"https:\/\/www.mycoyote.es\/blog\/#website","url":"https:\/\/www.mycoyote.es\/blog\/","name":"El Blog Coyote","description":"","publisher":{"@id":"https:\/\/www.mycoyote.es\/blog\/#organization"},"potentialAction":[{"@type":"SearchAction","target":{"@type":"EntryPoint","urlTemplate":"https:\/\/www.mycoyote.es\/blog\/?s={search_term_string}"},"query-input":{"@type":"PropertyValueSpecification","valueRequired":true,"valueName":"search_term_string"}}],"inLanguage":"es"},{"@type":"Organization","@id":"https:\/\/www.mycoyote.es\/blog\/#organization","name":"Coyote","url":"https:\/\/www.mycoyote.es\/blog\/","logo":{"@type":"ImageObject","inLanguage":"es","@id":"https:\/\/www.mycoyote.es\/blog\/#\/schema\/logo\/image\/","url":"https:\/\/medias.coyotesystems.com\/wordpress\/sites\/18\/2024\/02\/Logo-Coyote-1.png","contentUrl":"https:\/\/medias.coyotesystems.com\/wordpress\/sites\/18\/2024\/02\/Logo-Coyote-1.png","width":842,"height":263,"caption":"Coyote"},"image":{"@id":"https:\/\/www.mycoyote.es\/blog\/#\/schema\/logo\/image\/"},"sameAs":["https:\/\/www.facebook.com\/MyCoyote\/","https:\/\/x.com\/Coyote_ES","https:\/\/www.instagram.com\/coyote_es\/","https:\/\/www.youtube.com\/user\/CoyoteEspana"]},{"@type":"Person","@id":"https:\/\/www.mycoyote.es\/blog\/#\/schema\/person\/f5af150ab710178af89daa9671962d2c","name":"Nathan Thierry","image":{"@type":"ImageObject","inLanguage":"es","@id":"https:\/\/www.mycoyote.es\/blog\/#\/schema\/person\/image\/","url":"https:\/\/secure.gravatar.com\/avatar\/a55944ac691bd0ff56f862eae2454ca1bb9e420f824642e24d6e59b58f4de8f0?s=96&d=mm&r=g","contentUrl":"https:\/\/secure.gravatar.com\/avatar\/a55944ac691bd0ff56f862eae2454ca1bb9e420f824642e24d6e59b58f4de8f0?s=96&d=mm&r=g","caption":"Nathan Thierry"}}]}},"_links":{"self":[{"href":"https:\/\/www.mycoyote.es\/blog\/wp-json\/wp\/v2\/posts\/9948","targetHints":{"allow":["GET"]}}],"collection":[{"href":"https:\/\/www.mycoyote.es\/blog\/wp-json\/wp\/v2\/posts"}],"about":[{"href":"https:\/\/www.mycoyote.es\/blog\/wp-json\/wp\/v2\/types\/post"}],"author":[{"embeddable":true,"href":"https:\/\/www.mycoyote.es\/blog\/wp-json\/wp\/v2\/users\/118"}],"replies":[{"embeddable":true,"href":"https:\/\/www.mycoyote.es\/blog\/wp-json\/wp\/v2\/comments?post=9948"}],"version-history":[{"count":1,"href":"https:\/\/www.mycoyote.es\/blog\/wp-json\/wp\/v2\/posts\/9948\/revisions"}],"predecessor-version":[{"id":9954,"href":"https:\/\/www.mycoyote.es\/blog\/wp-json\/wp\/v2\/posts\/9948\/revisions\/9954"}],"wp:featuredmedia":[{"embeddable":true,"href":"https:\/\/www.mycoyote.es\/blog\/wp-json\/wp\/v2\/media\/9951"}],"wp:attachment":[{"href":"https:\/\/www.mycoyote.es\/blog\/wp-json\/wp\/v2\/media?parent=9948"}],"wp:term":[{"taxonomy":"category","embeddable":true,"href":"https:\/\/www.mycoyote.es\/blog\/wp-json\/wp\/v2\/categories?post=9948"},{"taxonomy":"post_tag","embeddable":true,"href":"https:\/\/www.mycoyote.es\/blog\/wp-json\/wp\/v2\/tags?post=9948"}],"curies":[{"name":"wp","href":"https:\/\/api.w.org\/{rel}","templated":true}]}}