{"id":9173,"date":"2024-07-05T12:54:49","date_gmt":"2024-07-05T10:54:49","guid":{"rendered":"https:\/\/www.mycoyote.es\/blog\/?p=9173"},"modified":"2024-07-05T12:54:49","modified_gmt":"2024-07-05T10:54:49","slug":"encuesta-verano-2024-coyote-mas-del-97-de-los-madrilenos-realizara-al-menos-un-viaje-por-carretera","status":"publish","type":"post","link":"https:\/\/www.mycoyote.es\/blog\/noticias\/encuesta-verano-2024-coyote-mas-del-97-de-los-madrilenos-realizara-al-menos-un-viaje-por-carretera\/","title":{"rendered":"ENCUESTA VERANO 2024 COYOTE M\u00e1s del 97% de los madrile\u00f1os realizar\u00e1 al menos un viaje por carretera"},"content":{"rendered":"<ul>\n<li>Un 32% de los madrile\u00f1os pasar\u00e1 m\u00e1s de 6 horas en carretera este verano.<\/li>\n<li>Los madrile\u00f1os se dirigir\u00e1n a la Comunidad Valenciana (24,4%), Andaluc\u00eda (19,1%), y Asturias (10,1%).<\/li>\n<li>El mayor n\u00famero de desplazamientos se producir\u00e1 durante la primera quincena de agosto (31,9%).<\/li>\n<li>El 36,62% de los radares en nuestro pa\u00eds se localizan en carreteras secundarias y un 37,60% en ciudades, mientras que en autov\u00edas y autopistas suponen un 25,78%.<\/li>\n<\/ul>\n<p><strong>Madrid, 26 de junio de 2024.<\/strong> Coyote, proveedor l\u00edder de sistemas de asistencia a la conducci\u00f3n y avisos de radares, presenta un nuevo estudio en el que analiza los desplazamientos por carretera durante este verano en Espa\u00f1a. Los expertos de la compa\u00f1\u00eda revelan las zonas de vacaciones con mayor n\u00famero de radares y la empresa ofrece, adem\u00e1s, a partir de una encuesta, una visi\u00f3n detallada de c\u00f3mo los espa\u00f1oles nos vamos a desplazar durante estos meses por carretera. Un gran n\u00famero de espa\u00f1oles planean utilizar el coche durante las vacaciones y se exponen a percances y a multas que pueden echar por la borda todo el presupuesto vacacional.<\/p>\n<p>En primer lugar, el estudio muestra que el 97,3% de los encuestados contemplan realizar al menos un viaje por carretera durante el verano, ya sea durante un fin de semana o por un per\u00edodo m\u00e1s prolongado de tiempo. Esta tendencia subraya la preferencia por la libertad y la flexibilidad que ofrece el transporte por carretera.<\/p>\n<p>Entre los principales destinos, la playa lidera con un 61,1% de las preferencias, seguida a bastante distancia por el entorno rural (30,3%), y la ciudad (3,7%).<\/p>\n<p>En t\u00e9rminos de duraci\u00f3n, el 30,3% de los encuestados estima que sus viajes de ida y vuelta durar\u00e1n entre 2 y 4 horas, mientras que el 32,4% espera que duren m\u00e1s de 6 horas. Adem\u00e1s, un significativo 40,4% de los participantes ha planificado realizar dos viajes por carretera durante el verano, y el 30,3% planea tres o m\u00e1s.<\/p>\n<p>Por otro lado, en cuanto al momento en el que saldr\u00e1n a la carretera, el mayor n\u00famero de desplazamientos se producir\u00e1 durante la primera quincena de agosto (31,9%).<\/p>\n<p><strong>Las 10 zonas de veraneo en costa con mayor n\u00famero de radares<\/strong><\/p>\n<p>A ra\u00edz de estos datos, los expertos de Coyote han identificado las diez \u00e1reas tur\u00edsticas con mayor n\u00famero de radares: la <strong>Costa Vasca<\/strong>, en el Pa\u00eds Vasco, con 184; la <strong>Costa Brava<\/strong>, en Girona, con 128; la <strong>Costa de la Luz<\/strong>, en C\u00e1diz y Huelva, con 104; la <strong>Costa Blanca<\/strong>, en Alicante, con 87; la <strong>Costa Verde<\/strong>, en Asturias, tambi\u00e9n con 87; la <strong>Costa del Sol<\/strong>, en M\u00e1laga, con 78; la <strong>Costa da Morte<\/strong>, en La Coru\u00f1a, con 77; <strong>Costa Dorada<\/strong>, en Tarragona, con 59; <strong>R\u00edas Baixas<\/strong>, en Pontevedra, con 53; y la <strong>Costa Azahar<\/strong>, en Castell\u00f3n, con 38. Este mapeo resalta la presencia significativa de radares en estas \u00e1reas, subrayando los esfuerzos por mejorar la seguridad vial en algunas de las zonas costeras m\u00e1s transitadas y tur\u00edsticas del pa\u00eds.<\/p>\n<p><img loading=\"lazy\" decoding=\"async\" class=\"alignnone  wp-image-9177\" src=\"https:\/\/medias.coyotesystems.com\/wordpress\/sites\/18\/2024\/07\/portada-9-300x170.jpg\" alt=\"\" width=\"380\" height=\"215\" srcset=\"https:\/\/medias.coyotesystems.com\/wordpress\/sites\/18\/2024\/07\/portada-9-300x170.jpg 300w, https:\/\/medias.coyotesystems.com\/wordpress\/sites\/18\/2024\/07\/portada-9-1024x580.jpg 1024w, https:\/\/medias.coyotesystems.com\/wordpress\/sites\/18\/2024\/07\/portada-9-768x435.jpg 768w, https:\/\/medias.coyotesystems.com\/wordpress\/sites\/18\/2024\/07\/portada-9-1536x870.jpg 1536w, https:\/\/medias.coyotesystems.com\/wordpress\/sites\/18\/2024\/07\/portada-9-2048x1161.jpg 2048w, https:\/\/medias.coyotesystems.com\/wordpress\/sites\/18\/2024\/07\/portada-9-1568x889.jpg 1568w\" sizes=\"auto, (max-width: 380px) 100vw, 380px\" \/><\/p>\n<p><strong>Tecnolog\u00eda para la ayuda en la conducci\u00f3n<\/strong><\/p>\n<p>La encuesta tambi\u00e9n revela que la tecnolog\u00eda juega un papel cada vez m\u00e1s importante en la experiencia de conducci\u00f3n. El 69,6% de los encuestados afirma que utilizar\u00e1 aplicaciones de asistencia a la conducci\u00f3n durante este verano. \u00a0Una amplia mayor\u00eda de ellos, 88,8 por ciento, piensan que estas apps mejoran su experiencia al volante.<\/p>\n<p>Entre las principales ventajas de estas aplicaciones cabe destacar que 1 de cada 2 espa\u00f1oles utilizan los asistentes de conducci\u00f3n para conocer los l\u00edmites de velocidad y la ubicaci\u00f3n de los radares. La presencia de estos en las carreteras espa\u00f1olas es muy abundante y est\u00e1 en crecimiento. En el reciente estudio realizado por Coyote este a\u00f1o, el III Observatorio de radares 2024, se afirm\u00f3 que los radares aumentaron un 4% con respecto a 2023 acerc\u00e1ndose a los 3000. Existen 2971 radares en todo el pa\u00eds: 2095 fijos, 433 de sem\u00e1foro, 168 de tramo y 245 de cintur\u00f3n m\u00f3vil. De media el estudio refleja que un miembro de Coyote se cruza con 53 radares fijos al mes<\/p>\n<p>En cuanto a las alertas sonoras mientras conduces, m\u00e1s de la mitad de los espa\u00f1oles (56,3%) creen que estas son \u00fatiles para mantener la vista en la carretera. Sobre ello Coyote recientemente ha realizado actualizaciones que mejoran el sonido para que sus miembros reconozcan la alerta, no les resulte molesta y no desv\u00ede su atenci\u00f3n al volante.<\/p>\n<p><strong>Gregoire Destre, Country Manager de Coyote Espa\u00f1a<em>, <\/em><\/strong>asegura: <em>\u201cDesde Coyote trabajamos a diario por mejorar la seguridad de los conductores teniendo en cuenta siempre sus comentarios e inquietudes. Por esta raz\u00f3n, lanzamos una actualizaci\u00f3n para que nuestras alertas sonoras sean a partir de ahora a\u00fan m\u00e1s precisas y agradables, con la idea de poder seguir mejorando la asistencia en la conducci\u00f3n. Queremos que nuestros miembros de la Comunidad Coyote se sientan m\u00e1s seguros al volante y esta mejora permite que el conductor reconozca dicho sonido claramente y mantener su atenci\u00f3n en la carretera. Una d\u00e9cima de segundos de distracci\u00f3n puede suponer decenas de metros recorridos\u201d<\/em><\/p>\n<p><strong>Desaf\u00edos<\/strong><\/p>\n<p>La tecnolog\u00eda de Coyote aboga por mejorar la seguridad y eficacia de sus usuarios conduciendo al incorporar alertas y avisos de radares en tiempo real, as\u00ed como alertas de posibles alteraciones en la v\u00eda. Coyote est\u00e1 permitido por la DGT ya que su base de datos geolocalizada proviene de fuentes p\u00fablicas como la propia DGT, Trafikoa, Servei y otros organismos oficiales. El reto de Coyote es escuchar y ofrecer a sus miembros el mejor servicio para que su conducci\u00f3n sea tranquila, eficaz y sin multas.<\/p>\n<p>Este servicio est\u00e1 disponible en dispositivos conectados (Mini) y a trav\u00e9s de su aplicaci\u00f3n m\u00f3vil compatible con Carplay y Android Auto, incluye alertas generadas por una comunidad activa de 5 millones de miembros en Europa, reforzando la seguridad de los conductores en diversas situaciones de tr\u00e1fico (objetos en la v\u00eda, veh\u00edculo parado, atasco, accidentes, estrechamiento, visibilidad reducida, etc). Un servicio que adem\u00e1s no tiene publicidad y dispone de atenci\u00f3n al cliente personalizada.<\/p>\n<p><strong><em>Metodolog\u00eda Coyote<\/em><\/strong><\/p>\n<p><em>El mapa de radares de Coyote parte de datos procedentes de organismos oficiales como la propia DGT, el Servei Catal\u00e0 de Tr\u00e0nsit y Trafikoa que suman un total de 1571 radares. Adem\u00e1s, se suman los radares que son competencia de los ayuntamientos con un total de 1370 cinem\u00f3metros. Coyote es el avisador con la base de datos de radares m\u00e1s completa en Espa\u00f1a gracias al monitoreo y a las actualizaciones diarias con datos de radares fijos, m\u00f3viles, sem\u00e1foro, tramo, cintur\u00f3n y m\u00f3vil. M\u00e1s abajo la tabla con el desglose de los distintos tipos radares repartidos por las zonas m\u00e1s tur\u00edsticas del pa\u00eds.<\/em><\/p>\n<p><em>La encuesta ha sido realizada a una muestra de 1.000 espa\u00f1oles repartidos por todo el territorio nacional durante la semana del 10 de junio.<\/em><\/p>\n<p>&nbsp;<\/p>\n","protected":false},"excerpt":{"rendered":"<p>Un 32% de los madrile\u00f1os pasar\u00e1 m\u00e1s de 6 horas en carretera este verano. Los madrile\u00f1os se dirigir\u00e1n a la [&hellip;]<\/p>\n","protected":false},"author":170,"featured_media":9175,"comment_status":"open","ping_status":"open","sticky":false,"template":"","format":"standard","meta":{"_acf_changed":false,"footnotes":""},"categories":[6,2,16,8],"tags":[],"class_list":["post-9173","post","type-post","status-publish","format-standard","has-post-thumbnail","hentry","category-servicios-carretera","category-comunidad-coyote","category-noticias","category-servicio-radares"],"acf":[],"yoast_head":"<!-- This site is optimized with the Yoast SEO plugin v25.9 - https:\/\/yoast.com\/wordpress\/plugins\/seo\/ -->\n<title>ENCUESTA VERANO 2024 COYOTE M\u00e1s del 97% de los madrile\u00f1os realizar\u00e1 al menos un viaje por carretera - El Blog Coyote<\/title>\n<meta name=\"robots\" content=\"index, follow, max-snippet:-1, max-image-preview:large, max-video-preview:-1\" \/>\n<link rel=\"canonical\" href=\"https:\/\/www.mycoyote.es\/blog\/noticias\/encuesta-verano-2024-coyote-mas-del-97-de-los-madrilenos-realizara-al-menos-un-viaje-por-carretera\/\" \/>\n<meta property=\"og:locale\" content=\"es_ES\" \/>\n<meta property=\"og:type\" content=\"article\" \/>\n<meta property=\"og:title\" content=\"ENCUESTA VERANO 2024 COYOTE M\u00e1s del 97% de los madrile\u00f1os realizar\u00e1 al menos un viaje por carretera - El Blog Coyote\" \/>\n<meta property=\"og:description\" content=\"Un 32% de los madrile\u00f1os pasar\u00e1 m\u00e1s de 6 horas en carretera este verano. Los madrile\u00f1os se dirigir\u00e1n a la [&hellip;]\" \/>\n<meta property=\"og:url\" content=\"https:\/\/www.mycoyote.es\/blog\/noticias\/encuesta-verano-2024-coyote-mas-del-97-de-los-madrilenos-realizara-al-menos-un-viaje-por-carretera\/\" \/>\n<meta property=\"og:site_name\" content=\"El Blog Coyote\" \/>\n<meta property=\"article:publisher\" content=\"https:\/\/www.facebook.com\/MyCoyote\/\" \/>\n<meta property=\"article:published_time\" content=\"2024-07-05T10:54:49+00:00\" \/>\n<meta property=\"og:image\" content=\"https:\/\/medias.coyotesystems.com\/wordpress\/sites\/18\/2024\/07\/BLOG-ARTICLE.png\" \/>\n\t<meta property=\"og:image:width\" content=\"801\" \/>\n\t<meta property=\"og:image:height\" content=\"623\" \/>\n\t<meta property=\"og:image:type\" content=\"image\/png\" \/>\n<meta name=\"author\" content=\"Coyote Espa\u00f1a\" \/>\n<meta name=\"twitter:card\" content=\"summary_large_image\" \/>\n<meta name=\"twitter:creator\" content=\"@Coyote_ES\" \/>\n<meta name=\"twitter:site\" content=\"@Coyote_ES\" \/>\n<meta name=\"twitter:label1\" content=\"Written by\" \/>\n\t<meta name=\"twitter:data1\" content=\"Coyote Espa\u00f1a\" \/>\n\t<meta name=\"twitter:label2\" content=\"Est. reading time\" \/>\n\t<meta name=\"twitter:data2\" content=\"6 minutos\" \/>\n<script type=\"application\/ld+json\" class=\"yoast-schema-graph\">{\"@context\":\"https:\/\/schema.org\",\"@graph\":[{\"@type\":\"Article\",\"@id\":\"https:\/\/www.mycoyote.es\/blog\/noticias\/encuesta-verano-2024-coyote-mas-del-97-de-los-madrilenos-realizara-al-menos-un-viaje-por-carretera\/#article\",\"isPartOf\":{\"@id\":\"https:\/\/www.mycoyote.es\/blog\/noticias\/encuesta-verano-2024-coyote-mas-del-97-de-los-madrilenos-realizara-al-menos-un-viaje-por-carretera\/\"},\"author\":{\"name\":\"Coyote Espa\u00f1a\",\"@id\":\"https:\/\/www.mycoyote.es\/blog\/#\/schema\/person\/32b548521f0271716793ec87d850bfe9\"},\"headline\":\"ENCUESTA VERANO 2024 COYOTE M\u00e1s del 97% de los madrile\u00f1os realizar\u00e1 al menos un viaje por carretera\",\"datePublished\":\"2024-07-05T10:54:49+00:00\",\"mainEntityOfPage\":{\"@id\":\"https:\/\/www.mycoyote.es\/blog\/noticias\/encuesta-verano-2024-coyote-mas-del-97-de-los-madrilenos-realizara-al-menos-un-viaje-por-carretera\/\"},\"wordCount\":1178,\"commentCount\":0,\"publisher\":{\"@id\":\"https:\/\/www.mycoyote.es\/blog\/#organization\"},\"image\":{\"@id\":\"https:\/\/www.mycoyote.es\/blog\/noticias\/encuesta-verano-2024-coyote-mas-del-97-de-los-madrilenos-realizara-al-menos-un-viaje-por-carretera\/#primaryimage\"},\"thumbnailUrl\":\"https:\/\/medias.coyotesystems.com\/wordpress\/sites\/18\/2024\/07\/BLOG-ARTICLE.png\",\"articleSection\":[\"Carretera\",\"Comunidad\",\"Noticias\",\"Radares\"],\"inLanguage\":\"es\",\"potentialAction\":[{\"@type\":\"CommentAction\",\"name\":\"Comment\",\"target\":[\"https:\/\/www.mycoyote.es\/blog\/noticias\/encuesta-verano-2024-coyote-mas-del-97-de-los-madrilenos-realizara-al-menos-un-viaje-por-carretera\/#respond\"]}]},{\"@type\":\"WebPage\",\"@id\":\"https:\/\/www.mycoyote.es\/blog\/noticias\/encuesta-verano-2024-coyote-mas-del-97-de-los-madrilenos-realizara-al-menos-un-viaje-por-carretera\/\",\"url\":\"https:\/\/www.mycoyote.es\/blog\/noticias\/encuesta-verano-2024-coyote-mas-del-97-de-los-madrilenos-realizara-al-menos-un-viaje-por-carretera\/\",\"name\":\"ENCUESTA VERANO 2024 COYOTE M\u00e1s del 97% de los madrile\u00f1os realizar\u00e1 al menos un viaje por carretera - El Blog Coyote\",\"isPartOf\":{\"@id\":\"https:\/\/www.mycoyote.es\/blog\/#website\"},\"primaryImageOfPage\":{\"@id\":\"https:\/\/www.mycoyote.es\/blog\/noticias\/encuesta-verano-2024-coyote-mas-del-97-de-los-madrilenos-realizara-al-menos-un-viaje-por-carretera\/#primaryimage\"},\"image\":{\"@id\":\"https:\/\/www.mycoyote.es\/blog\/noticias\/encuesta-verano-2024-coyote-mas-del-97-de-los-madrilenos-realizara-al-menos-un-viaje-por-carretera\/#primaryimage\"},\"thumbnailUrl\":\"https:\/\/medias.coyotesystems.com\/wordpress\/sites\/18\/2024\/07\/BLOG-ARTICLE.png\",\"datePublished\":\"2024-07-05T10:54:49+00:00\",\"breadcrumb\":{\"@id\":\"https:\/\/www.mycoyote.es\/blog\/noticias\/encuesta-verano-2024-coyote-mas-del-97-de-los-madrilenos-realizara-al-menos-un-viaje-por-carretera\/#breadcrumb\"},\"inLanguage\":\"es\",\"potentialAction\":[{\"@type\":\"ReadAction\",\"target\":[\"https:\/\/www.mycoyote.es\/blog\/noticias\/encuesta-verano-2024-coyote-mas-del-97-de-los-madrilenos-realizara-al-menos-un-viaje-por-carretera\/\"]}]},{\"@type\":\"ImageObject\",\"inLanguage\":\"es\",\"@id\":\"https:\/\/www.mycoyote.es\/blog\/noticias\/encuesta-verano-2024-coyote-mas-del-97-de-los-madrilenos-realizara-al-menos-un-viaje-por-carretera\/#primaryimage\",\"url\":\"https:\/\/medias.coyotesystems.com\/wordpress\/sites\/18\/2024\/07\/BLOG-ARTICLE.png\",\"contentUrl\":\"https:\/\/medias.coyotesystems.com\/wordpress\/sites\/18\/2024\/07\/BLOG-ARTICLE.png\",\"width\":801,\"height\":623},{\"@type\":\"BreadcrumbList\",\"@id\":\"https:\/\/www.mycoyote.es\/blog\/noticias\/encuesta-verano-2024-coyote-mas-del-97-de-los-madrilenos-realizara-al-menos-un-viaje-por-carretera\/#breadcrumb\",\"itemListElement\":[{\"@type\":\"ListItem\",\"position\":1,\"name\":\"Home\",\"item\":\"https:\/\/www.mycoyote.es\/blog\/\"},{\"@type\":\"ListItem\",\"position\":2,\"name\":\"Noticias\",\"item\":\"https:\/\/www.mycoyote.es\/blog\/noticias\/\"},{\"@type\":\"ListItem\",\"position\":3,\"name\":\"ENCUESTA VERANO 2024 COYOTE M\u00e1s del 97% de los madrile\u00f1os realizar\u00e1 al menos un viaje por carretera\"}]},{\"@type\":\"WebSite\",\"@id\":\"https:\/\/www.mycoyote.es\/blog\/#website\",\"url\":\"https:\/\/www.mycoyote.es\/blog\/\",\"name\":\"El Blog Coyote\",\"description\":\"\",\"publisher\":{\"@id\":\"https:\/\/www.mycoyote.es\/blog\/#organization\"},\"potentialAction\":[{\"@type\":\"SearchAction\",\"target\":{\"@type\":\"EntryPoint\",\"urlTemplate\":\"https:\/\/www.mycoyote.es\/blog\/?s={search_term_string}\"},\"query-input\":{\"@type\":\"PropertyValueSpecification\",\"valueRequired\":true,\"valueName\":\"search_term_string\"}}],\"inLanguage\":\"es\"},{\"@type\":\"Organization\",\"@id\":\"https:\/\/www.mycoyote.es\/blog\/#organization\",\"name\":\"Coyote\",\"url\":\"https:\/\/www.mycoyote.es\/blog\/\",\"logo\":{\"@type\":\"ImageObject\",\"inLanguage\":\"es\",\"@id\":\"https:\/\/www.mycoyote.es\/blog\/#\/schema\/logo\/image\/\",\"url\":\"https:\/\/medias.coyotesystems.com\/wordpress\/sites\/18\/2024\/02\/Logo-Coyote-1.png\",\"contentUrl\":\"https:\/\/medias.coyotesystems.com\/wordpress\/sites\/18\/2024\/02\/Logo-Coyote-1.png\",\"width\":842,\"height\":263,\"caption\":\"Coyote\"},\"image\":{\"@id\":\"https:\/\/www.mycoyote.es\/blog\/#\/schema\/logo\/image\/\"},\"sameAs\":[\"https:\/\/www.facebook.com\/MyCoyote\/\",\"https:\/\/x.com\/Coyote_ES\",\"https:\/\/www.instagram.com\/coyote_es\/\",\"https:\/\/www.youtube.com\/user\/CoyoteEspana\"]},{\"@type\":\"Person\",\"@id\":\"https:\/\/www.mycoyote.es\/blog\/#\/schema\/person\/32b548521f0271716793ec87d850bfe9\",\"name\":\"Coyote Espa\u00f1a\",\"image\":{\"@type\":\"ImageObject\",\"inLanguage\":\"es\",\"@id\":\"https:\/\/www.mycoyote.es\/blog\/#\/schema\/person\/image\/\",\"url\":\"https:\/\/secure.gravatar.com\/avatar\/2d671b121706f48e74f5a1baf2f7300ee6dd7ddad4dc010133aed84f24ccd790?s=96&d=mm&r=g\",\"contentUrl\":\"https:\/\/secure.gravatar.com\/avatar\/2d671b121706f48e74f5a1baf2f7300ee6dd7ddad4dc010133aed84f24ccd790?s=96&d=mm&r=g\",\"caption\":\"Coyote Espa\u00f1a\"}}]}<\/script>\n<!-- \/ Yoast SEO plugin. -->","yoast_head_json":{"title":"ENCUESTA VERANO 2024 COYOTE M\u00e1s del 97% de los madrile\u00f1os realizar\u00e1 al menos un viaje por carretera - El Blog Coyote","robots":{"index":"index","follow":"follow","max-snippet":"max-snippet:-1","max-image-preview":"max-image-preview:large","max-video-preview":"max-video-preview:-1"},"canonical":"https:\/\/www.mycoyote.es\/blog\/noticias\/encuesta-verano-2024-coyote-mas-del-97-de-los-madrilenos-realizara-al-menos-un-viaje-por-carretera\/","og_locale":"es_ES","og_type":"article","og_title":"ENCUESTA VERANO 2024 COYOTE M\u00e1s del 97% de los madrile\u00f1os realizar\u00e1 al menos un viaje por carretera - El Blog Coyote","og_description":"Un 32% de los madrile\u00f1os pasar\u00e1 m\u00e1s de 6 horas en carretera este verano. Los madrile\u00f1os se dirigir\u00e1n a la [&hellip;]","og_url":"https:\/\/www.mycoyote.es\/blog\/noticias\/encuesta-verano-2024-coyote-mas-del-97-de-los-madrilenos-realizara-al-menos-un-viaje-por-carretera\/","og_site_name":"El Blog Coyote","article_publisher":"https:\/\/www.facebook.com\/MyCoyote\/","article_published_time":"2024-07-05T10:54:49+00:00","og_image":[{"width":801,"height":623,"url":"https:\/\/medias.coyotesystems.com\/wordpress\/sites\/18\/2024\/07\/BLOG-ARTICLE.png","type":"image\/png"}],"author":"Coyote Espa\u00f1a","twitter_card":"summary_large_image","twitter_creator":"@Coyote_ES","twitter_site":"@Coyote_ES","twitter_misc":{"Written by":"Coyote Espa\u00f1a","Est. reading time":"6 minutos"},"schema":{"@context":"https:\/\/schema.org","@graph":[{"@type":"Article","@id":"https:\/\/www.mycoyote.es\/blog\/noticias\/encuesta-verano-2024-coyote-mas-del-97-de-los-madrilenos-realizara-al-menos-un-viaje-por-carretera\/#article","isPartOf":{"@id":"https:\/\/www.mycoyote.es\/blog\/noticias\/encuesta-verano-2024-coyote-mas-del-97-de-los-madrilenos-realizara-al-menos-un-viaje-por-carretera\/"},"author":{"name":"Coyote Espa\u00f1a","@id":"https:\/\/www.mycoyote.es\/blog\/#\/schema\/person\/32b548521f0271716793ec87d850bfe9"},"headline":"ENCUESTA VERANO 2024 COYOTE M\u00e1s del 97% de los madrile\u00f1os realizar\u00e1 al menos un viaje por carretera","datePublished":"2024-07-05T10:54:49+00:00","mainEntityOfPage":{"@id":"https:\/\/www.mycoyote.es\/blog\/noticias\/encuesta-verano-2024-coyote-mas-del-97-de-los-madrilenos-realizara-al-menos-un-viaje-por-carretera\/"},"wordCount":1178,"commentCount":0,"publisher":{"@id":"https:\/\/www.mycoyote.es\/blog\/#organization"},"image":{"@id":"https:\/\/www.mycoyote.es\/blog\/noticias\/encuesta-verano-2024-coyote-mas-del-97-de-los-madrilenos-realizara-al-menos-un-viaje-por-carretera\/#primaryimage"},"thumbnailUrl":"https:\/\/medias.coyotesystems.com\/wordpress\/sites\/18\/2024\/07\/BLOG-ARTICLE.png","articleSection":["Carretera","Comunidad","Noticias","Radares"],"inLanguage":"es","potentialAction":[{"@type":"CommentAction","name":"Comment","target":["https:\/\/www.mycoyote.es\/blog\/noticias\/encuesta-verano-2024-coyote-mas-del-97-de-los-madrilenos-realizara-al-menos-un-viaje-por-carretera\/#respond"]}]},{"@type":"WebPage","@id":"https:\/\/www.mycoyote.es\/blog\/noticias\/encuesta-verano-2024-coyote-mas-del-97-de-los-madrilenos-realizara-al-menos-un-viaje-por-carretera\/","url":"https:\/\/www.mycoyote.es\/blog\/noticias\/encuesta-verano-2024-coyote-mas-del-97-de-los-madrilenos-realizara-al-menos-un-viaje-por-carretera\/","name":"ENCUESTA VERANO 2024 COYOTE M\u00e1s del 97% de los madrile\u00f1os realizar\u00e1 al menos un viaje por carretera - El Blog Coyote","isPartOf":{"@id":"https:\/\/www.mycoyote.es\/blog\/#website"},"primaryImageOfPage":{"@id":"https:\/\/www.mycoyote.es\/blog\/noticias\/encuesta-verano-2024-coyote-mas-del-97-de-los-madrilenos-realizara-al-menos-un-viaje-por-carretera\/#primaryimage"},"image":{"@id":"https:\/\/www.mycoyote.es\/blog\/noticias\/encuesta-verano-2024-coyote-mas-del-97-de-los-madrilenos-realizara-al-menos-un-viaje-por-carretera\/#primaryimage"},"thumbnailUrl":"https:\/\/medias.coyotesystems.com\/wordpress\/sites\/18\/2024\/07\/BLOG-ARTICLE.png","datePublished":"2024-07-05T10:54:49+00:00","breadcrumb":{"@id":"https:\/\/www.mycoyote.es\/blog\/noticias\/encuesta-verano-2024-coyote-mas-del-97-de-los-madrilenos-realizara-al-menos-un-viaje-por-carretera\/#breadcrumb"},"inLanguage":"es","potentialAction":[{"@type":"ReadAction","target":["https:\/\/www.mycoyote.es\/blog\/noticias\/encuesta-verano-2024-coyote-mas-del-97-de-los-madrilenos-realizara-al-menos-un-viaje-por-carretera\/"]}]},{"@type":"ImageObject","inLanguage":"es","@id":"https:\/\/www.mycoyote.es\/blog\/noticias\/encuesta-verano-2024-coyote-mas-del-97-de-los-madrilenos-realizara-al-menos-un-viaje-por-carretera\/#primaryimage","url":"https:\/\/medias.coyotesystems.com\/wordpress\/sites\/18\/2024\/07\/BLOG-ARTICLE.png","contentUrl":"https:\/\/medias.coyotesystems.com\/wordpress\/sites\/18\/2024\/07\/BLOG-ARTICLE.png","width":801,"height":623},{"@type":"BreadcrumbList","@id":"https:\/\/www.mycoyote.es\/blog\/noticias\/encuesta-verano-2024-coyote-mas-del-97-de-los-madrilenos-realizara-al-menos-un-viaje-por-carretera\/#breadcrumb","itemListElement":[{"@type":"ListItem","position":1,"name":"Home","item":"https:\/\/www.mycoyote.es\/blog\/"},{"@type":"ListItem","position":2,"name":"Noticias","item":"https:\/\/www.mycoyote.es\/blog\/noticias\/"},{"@type":"ListItem","position":3,"name":"ENCUESTA VERANO 2024 COYOTE M\u00e1s del 97% de los madrile\u00f1os realizar\u00e1 al menos un viaje por carretera"}]},{"@type":"WebSite","@id":"https:\/\/www.mycoyote.es\/blog\/#website","url":"https:\/\/www.mycoyote.es\/blog\/","name":"El Blog Coyote","description":"","publisher":{"@id":"https:\/\/www.mycoyote.es\/blog\/#organization"},"potentialAction":[{"@type":"SearchAction","target":{"@type":"EntryPoint","urlTemplate":"https:\/\/www.mycoyote.es\/blog\/?s={search_term_string}"},"query-input":{"@type":"PropertyValueSpecification","valueRequired":true,"valueName":"search_term_string"}}],"inLanguage":"es"},{"@type":"Organization","@id":"https:\/\/www.mycoyote.es\/blog\/#organization","name":"Coyote","url":"https:\/\/www.mycoyote.es\/blog\/","logo":{"@type":"ImageObject","inLanguage":"es","@id":"https:\/\/www.mycoyote.es\/blog\/#\/schema\/logo\/image\/","url":"https:\/\/medias.coyotesystems.com\/wordpress\/sites\/18\/2024\/02\/Logo-Coyote-1.png","contentUrl":"https:\/\/medias.coyotesystems.com\/wordpress\/sites\/18\/2024\/02\/Logo-Coyote-1.png","width":842,"height":263,"caption":"Coyote"},"image":{"@id":"https:\/\/www.mycoyote.es\/blog\/#\/schema\/logo\/image\/"},"sameAs":["https:\/\/www.facebook.com\/MyCoyote\/","https:\/\/x.com\/Coyote_ES","https:\/\/www.instagram.com\/coyote_es\/","https:\/\/www.youtube.com\/user\/CoyoteEspana"]},{"@type":"Person","@id":"https:\/\/www.mycoyote.es\/blog\/#\/schema\/person\/32b548521f0271716793ec87d850bfe9","name":"Coyote Espa\u00f1a","image":{"@type":"ImageObject","inLanguage":"es","@id":"https:\/\/www.mycoyote.es\/blog\/#\/schema\/person\/image\/","url":"https:\/\/secure.gravatar.com\/avatar\/2d671b121706f48e74f5a1baf2f7300ee6dd7ddad4dc010133aed84f24ccd790?s=96&d=mm&r=g","contentUrl":"https:\/\/secure.gravatar.com\/avatar\/2d671b121706f48e74f5a1baf2f7300ee6dd7ddad4dc010133aed84f24ccd790?s=96&d=mm&r=g","caption":"Coyote Espa\u00f1a"}}]}},"_links":{"self":[{"href":"https:\/\/www.mycoyote.es\/blog\/wp-json\/wp\/v2\/posts\/9173","targetHints":{"allow":["GET"]}}],"collection":[{"href":"https:\/\/www.mycoyote.es\/blog\/wp-json\/wp\/v2\/posts"}],"about":[{"href":"https:\/\/www.mycoyote.es\/blog\/wp-json\/wp\/v2\/types\/post"}],"author":[{"embeddable":true,"href":"https:\/\/www.mycoyote.es\/blog\/wp-json\/wp\/v2\/users\/170"}],"replies":[{"embeddable":true,"href":"https:\/\/www.mycoyote.es\/blog\/wp-json\/wp\/v2\/comments?post=9173"}],"version-history":[{"count":1,"href":"https:\/\/www.mycoyote.es\/blog\/wp-json\/wp\/v2\/posts\/9173\/revisions"}],"predecessor-version":[{"id":9179,"href":"https:\/\/www.mycoyote.es\/blog\/wp-json\/wp\/v2\/posts\/9173\/revisions\/9179"}],"wp:featuredmedia":[{"embeddable":true,"href":"https:\/\/www.mycoyote.es\/blog\/wp-json\/wp\/v2\/media\/9175"}],"wp:attachment":[{"href":"https:\/\/www.mycoyote.es\/blog\/wp-json\/wp\/v2\/media?parent=9173"}],"wp:term":[{"taxonomy":"category","embeddable":true,"href":"https:\/\/www.mycoyote.es\/blog\/wp-json\/wp\/v2\/categories?post=9173"},{"taxonomy":"post_tag","embeddable":true,"href":"https:\/\/www.mycoyote.es\/blog\/wp-json\/wp\/v2\/tags?post=9173"}],"curies":[{"name":"wp","href":"https:\/\/api.w.org\/{rel}","templated":true}]}}