{"id":8637,"date":"2023-07-13T13:28:40","date_gmt":"2023-07-13T12:28:40","guid":{"rendered":"https:\/\/www.mycoyote.es\/blog\/?p=8637"},"modified":"2023-07-13T13:28:40","modified_gmt":"2023-07-13T12:28:40","slug":"llega-el-primer-radar-con-inteligencia-artificial-viene-para-quedarse","status":"publish","type":"post","link":"https:\/\/www.mycoyote.es\/blog\/servicios-carretera\/llega-el-primer-radar-con-inteligencia-artificial-viene-para-quedarse\/","title":{"rendered":"<strong>Llega el primer radar con Inteligencia Artificial, \u00bfviene para quedarse?<\/strong>"},"content":{"rendered":"\n<p>La inteligencia artificial (AI) ha llegado para quedarse, es toda una revoluci\u00f3n industrial y social que est\u00e1 cambiando nuestras vidas. Ya est\u00e1 afectando a diversas \u00e1reas de nuestra vida y trabajo. En lo que respecta al mundo del autom\u00f3vil su uso est\u00e1 siendo ya implementado y cuestionado como por ejemplo en los GPS, coches con conducci\u00f3n aut\u00f3noma y, como os vamos a desarrollar en el art\u00edculo, en los radares. Reino Unido ha tomado la delantera implementando el primer radar de velocidad con Inteligencia Artificial y ya est\u00e1 recibiendo serias cr\u00edticas por intromisi\u00f3n a la privacidad. \u00bfLlegar\u00e1 a Espa\u00f1a? Os lo contamos:<\/p>\n\n\n\n<p>El radar con inteligencia artificial instalado en <strong>Reino Unido <\/strong>es pionero en el mundo y &nbsp;est\u00e1 localizado en la A23, concretamente en Lambeth, un distrito cercano a Charing Cross en el sur de Londres. Ha sido fabricado por la empresa especialista en tecnolog\u00eda aplicada a la seguridad vial ReedsPeed. &nbsp;De momento, el nuevo radar no est\u00e1 multando a los conductores que exceden la velocidad permitida, se encuentra en fase de pruebas esperando a ser aprobado por el Ministerio del Interior brit\u00e1nico.<\/p>\n\n\n\n<figure class=\"wp-block-image size-large\"><img loading=\"lazy\" decoding=\"async\" width=\"1024\" height=\"683\" src=\"https:\/\/www.mycoyote.es\/blog\/wp-content\/uploads\/2022\/07\/radares-multicarril-1024x683.png\" alt=\"radares multicarril\" class=\"wp-image-7797\" srcset=\"https:\/\/medias.coyotesystems.com\/wordpress\/sites\/18\/2022\/07\/radares-multicarril-1024x683.png 1024w, https:\/\/medias.coyotesystems.com\/wordpress\/sites\/18\/2022\/07\/radares-multicarril-300x200.png 300w, https:\/\/medias.coyotesystems.com\/wordpress\/sites\/18\/2022\/07\/radares-multicarril-768x512.png 768w, https:\/\/medias.coyotesystems.com\/wordpress\/sites\/18\/2022\/07\/radares-multicarril-1536x1024.png 1536w, https:\/\/medias.coyotesystems.com\/wordpress\/sites\/18\/2022\/07\/radares-multicarril-2048x1365.png 2048w, https:\/\/medias.coyotesystems.com\/wordpress\/sites\/18\/2022\/07\/radares-multicarril-1568x1045.png 1568w\" sizes=\"auto, (max-width: 1024px) 100vw, 1024px\" \/><\/figure>\n\n\n\n<h2 class=\"wp-block-heading\">La pol\u00e9mica con el radar de inteligencia artificial \u00bfintrusismo?<\/h2>\n\n\n\n<p>Hasta aqu\u00ed todo parece correcto, pero hay mucha controversia. De hecho, ya ha sido calificado por Nick Freeman, abogado especializado en delitos relacionados con el tr\u00e1fico, como <strong>\u201cllegar demasiado lejos\u201d <\/strong>debido a que esta avanzada tecnolog\u00eda es capaz de vigilar a los conductores desde el interior del veh\u00edculo.&nbsp; Con lo cual, ya no hablamos de vigilar la velocidad sino tambi\u00e9n de lo que ocurre en el interior del coche, cami\u00f3n, furgoneta\u2026 y esto quiz\u00e1s sea demasiado intrusivo. <\/p>\n\n\n\n<p>En Espa\u00f1a esto no es demasiado nuevo ya que la DGT tiene c\u00e1maras que chequean el uso de cintur\u00f3n de seguridad, que no usemos el m\u00f3vil o si el coche no tiene el seguro en regla, adem\u00e1s de el uso incorrecto de los carriles VAO con radares que detectan el calor. Con lo cual el debate de si es una intromisi\u00f3n a la privacidad est\u00e1 servido.<\/p>\n\n\n\n<h2 class=\"wp-block-heading\">\u00bfC\u00f3mo funciona el primer radar con AI del mundo?<\/h2>\n\n\n\n<p>El radar de velocidad con AI instalado en Reino Unido, bautizado como<strong> Reedspeed Sentio, <\/strong>es capaz de conectar con &nbsp;las base de datos de la autoridad de tr\u00e1fico pertinente, en este caso la \u201cDriver and Vehicle Licensing Agency (DVLA), &nbsp;y de la polic\u00eda de Reino Unido para comprobar en tiempo real el permiso de circulaci\u00f3n y el seguro del coche. Seg\u00fan explican las autoridades de tr\u00e1fico del Reino Unido, aparte de medir la velocidad, tambi\u00e9n pueden controlar si viajan m\u00e1s personas de las permitidas y si usan el cintur\u00f3n, as\u00ed como ver si el conductor se ha saltado un sem\u00e1foro rojo o si est\u00e1 manipulando el m\u00f3vil.<\/p>\n\n\n\n<p>La novedad que aporta este radar es que es un \u201ctodo en uno\u201d, debido a que dispone de un r<strong>adar 4D<\/strong> m\u00e1s la <strong>Inteligencia Artificial<\/strong> que le ayuda a controlar todo el sistema. El radar es capaz de leer la forma de los objetos y detectar por ejemplo si el conductor lleva cintur\u00f3n o no ya que utiliza la geolocalizaci\u00f3n que cartograf\u00eda objetos en un entorno tridimensional.<\/p>\n\n\n\n<p>Para entender &nbsp;m\u00e1s espec\u00edficamente su funcionamiento la c\u00e1mara del radar es alimentada con energ\u00eda solar y est\u00e1 activa d\u00eda y noche. Adem\u00e1s, tiene la capacidad de grabar un total de <strong>6 carriles de tr\u00e1fico, <\/strong>incluso puede trabajar a la vez que otras c\u00e1maras para vigilar la velocidad media en todo el conjunto, incluso en condiciones de visibilidad complicadas.<\/p>\n\n\n\n<figure class=\"wp-block-image size-full\"><img loading=\"lazy\" decoding=\"async\" width=\"566\" height=\"457\" src=\"https:\/\/www.mycoyote.es\/blog\/wp-content\/uploads\/2023\/07\/6482e8f691648.jpeg\" alt=\"\" class=\"wp-image-8643\" srcset=\"https:\/\/medias.coyotesystems.com\/wordpress\/sites\/18\/2023\/07\/6482e8f691648.jpeg 566w, https:\/\/medias.coyotesystems.com\/wordpress\/sites\/18\/2023\/07\/6482e8f691648-300x242.jpeg 300w\" sizes=\"auto, (max-width: 566px) 100vw, 566px\" \/><figcaption class=\"wp-element-caption\">Im\u00e1gen de c\u00e1mara del Servei Catal\u00e1 de Transit<\/figcaption><\/figure>\n\n\n\n<h2 class=\"wp-block-heading\">\u00bfLlegar\u00e1 a Espa\u00f1a?<\/h2>\n\n\n\n<p>De momento en Espa\u00f1a no se prev\u00e9 la instalaci\u00f3n de este radar de velocidad pionero en AI y esperar\u00e1 a ver c\u00f3mo evoluciona las pruebas en Reino Unido. Pero hay que se\u00f1alar que la AI ya est\u00e1 presente en algunas c\u00e1maras. Seg\u00fan una informaci\u00f3n publicada en Moveo, el Servei Catal\u00e0 de Tr\u00e0nsit (SCT) dispone de c\u00e1maras con IA que controlan el uso del cintur\u00f3n y del m\u00f3vil. Est\u00e1n localizadas en la B-23 entre Sant Feliu de Llobregat y Sant Joan Desp\u00ed y la C-58 en Montcada i Reixac. Su funcionamiento consiste en que la c\u00e1mara fotograf\u00eda a veh\u00edculos en carretera y, mediante filtraje automatizado, detectar\u00e1n a los conductores que cometan infracciones.<\/p>\n","protected":false},"excerpt":{"rendered":"<p>La inteligencia artificial (AI) ha llegado para quedarse, es toda una revoluci\u00f3n industrial y social que est\u00e1 cambiando nuestras vidas. [&hellip;]<\/p>\n","protected":false},"author":170,"featured_media":8641,"comment_status":"open","ping_status":"closed","sticky":false,"template":"","format":"standard","meta":{"_acf_changed":false,"footnotes":""},"categories":[6,16,8,18],"tags":[],"class_list":["post-8637","post","type-post","status-publish","format-standard","has-post-thumbnail","hentry","category-servicios-carretera","category-noticias","category-servicio-radares","category-sin-clasificar"],"acf":[],"yoast_head":"<!-- This site is optimized with the Yoast SEO plugin v25.9 - https:\/\/yoast.com\/wordpress\/plugins\/seo\/ -->\n<title>Llega el primer radar con Inteligencia Artificial, \u00bfviene para quedarse? - El Blog Coyote<\/title>\n<meta name=\"robots\" content=\"index, follow, max-snippet:-1, max-image-preview:large, max-video-preview:-1\" \/>\n<link rel=\"canonical\" href=\"https:\/\/www.mycoyote.es\/blog\/servicios-carretera\/llega-el-primer-radar-con-inteligencia-artificial-viene-para-quedarse\/\" \/>\n<meta property=\"og:locale\" content=\"es_ES\" \/>\n<meta property=\"og:type\" content=\"article\" \/>\n<meta property=\"og:title\" content=\"Llega el primer radar con Inteligencia Artificial, \u00bfviene para quedarse? - El Blog Coyote\" \/>\n<meta property=\"og:description\" content=\"La inteligencia artificial (AI) ha llegado para quedarse, es toda una revoluci\u00f3n industrial y social que est\u00e1 cambiando nuestras vidas. [&hellip;]\" \/>\n<meta property=\"og:url\" content=\"https:\/\/www.mycoyote.es\/blog\/servicios-carretera\/llega-el-primer-radar-con-inteligencia-artificial-viene-para-quedarse\/\" \/>\n<meta property=\"og:site_name\" content=\"El Blog Coyote\" \/>\n<meta property=\"article:publisher\" content=\"https:\/\/www.facebook.com\/MyCoyote\/\" \/>\n<meta property=\"article:published_time\" content=\"2023-07-13T12:28:40+00:00\" \/>\n<meta property=\"og:image\" content=\"https:\/\/medias.coyotesystems.com\/wordpress\/sites\/18\/2023\/07\/autos-toda-velocidad-desdibujan-azul-fiebre-ciudad-moderna-generada-ia-scaled-1.jpg\" \/>\n\t<meta property=\"og:image:width\" content=\"2560\" \/>\n\t<meta property=\"og:image:height\" content=\"1463\" \/>\n\t<meta property=\"og:image:type\" content=\"image\/jpeg\" \/>\n<meta name=\"author\" content=\"Coyote Espa\u00f1a\" \/>\n<meta name=\"twitter:card\" content=\"summary_large_image\" \/>\n<meta name=\"twitter:creator\" content=\"@Coyote_ES\" \/>\n<meta name=\"twitter:site\" content=\"@Coyote_ES\" \/>\n<meta name=\"twitter:label1\" content=\"Written by\" \/>\n\t<meta name=\"twitter:data1\" content=\"Coyote Espa\u00f1a\" \/>\n\t<meta name=\"twitter:label2\" content=\"Est. reading time\" \/>\n\t<meta name=\"twitter:data2\" content=\"4 minutos\" \/>\n<script type=\"application\/ld+json\" class=\"yoast-schema-graph\">{\"@context\":\"https:\/\/schema.org\",\"@graph\":[{\"@type\":\"Article\",\"@id\":\"https:\/\/www.mycoyote.es\/blog\/servicios-carretera\/llega-el-primer-radar-con-inteligencia-artificial-viene-para-quedarse\/#article\",\"isPartOf\":{\"@id\":\"https:\/\/www.mycoyote.es\/blog\/servicios-carretera\/llega-el-primer-radar-con-inteligencia-artificial-viene-para-quedarse\/\"},\"author\":{\"name\":\"Coyote Espa\u00f1a\",\"@id\":\"https:\/\/www.mycoyote.es\/blog\/#\/schema\/person\/32b548521f0271716793ec87d850bfe9\"},\"headline\":\"Llega el primer radar con Inteligencia Artificial, \u00bfviene para quedarse?\",\"datePublished\":\"2023-07-13T12:28:40+00:00\",\"mainEntityOfPage\":{\"@id\":\"https:\/\/www.mycoyote.es\/blog\/servicios-carretera\/llega-el-primer-radar-con-inteligencia-artificial-viene-para-quedarse\/\"},\"wordCount\":777,\"commentCount\":0,\"publisher\":{\"@id\":\"https:\/\/www.mycoyote.es\/blog\/#organization\"},\"image\":{\"@id\":\"https:\/\/www.mycoyote.es\/blog\/servicios-carretera\/llega-el-primer-radar-con-inteligencia-artificial-viene-para-quedarse\/#primaryimage\"},\"thumbnailUrl\":\"https:\/\/medias.coyotesystems.com\/wordpress\/sites\/18\/2023\/07\/autos-toda-velocidad-desdibujan-azul-fiebre-ciudad-moderna-generada-ia-scaled-1.jpg\",\"articleSection\":[\"Carretera\",\"Noticias\",\"Radares\",\"Sin clasificar\"],\"inLanguage\":\"es\",\"potentialAction\":[{\"@type\":\"CommentAction\",\"name\":\"Comment\",\"target\":[\"https:\/\/www.mycoyote.es\/blog\/servicios-carretera\/llega-el-primer-radar-con-inteligencia-artificial-viene-para-quedarse\/#respond\"]}]},{\"@type\":\"WebPage\",\"@id\":\"https:\/\/www.mycoyote.es\/blog\/servicios-carretera\/llega-el-primer-radar-con-inteligencia-artificial-viene-para-quedarse\/\",\"url\":\"https:\/\/www.mycoyote.es\/blog\/servicios-carretera\/llega-el-primer-radar-con-inteligencia-artificial-viene-para-quedarse\/\",\"name\":\"Llega el primer radar con Inteligencia Artificial, \u00bfviene para quedarse? - El Blog Coyote\",\"isPartOf\":{\"@id\":\"https:\/\/www.mycoyote.es\/blog\/#website\"},\"primaryImageOfPage\":{\"@id\":\"https:\/\/www.mycoyote.es\/blog\/servicios-carretera\/llega-el-primer-radar-con-inteligencia-artificial-viene-para-quedarse\/#primaryimage\"},\"image\":{\"@id\":\"https:\/\/www.mycoyote.es\/blog\/servicios-carretera\/llega-el-primer-radar-con-inteligencia-artificial-viene-para-quedarse\/#primaryimage\"},\"thumbnailUrl\":\"https:\/\/medias.coyotesystems.com\/wordpress\/sites\/18\/2023\/07\/autos-toda-velocidad-desdibujan-azul-fiebre-ciudad-moderna-generada-ia-scaled-1.jpg\",\"datePublished\":\"2023-07-13T12:28:40+00:00\",\"breadcrumb\":{\"@id\":\"https:\/\/www.mycoyote.es\/blog\/servicios-carretera\/llega-el-primer-radar-con-inteligencia-artificial-viene-para-quedarse\/#breadcrumb\"},\"inLanguage\":\"es\",\"potentialAction\":[{\"@type\":\"ReadAction\",\"target\":[\"https:\/\/www.mycoyote.es\/blog\/servicios-carretera\/llega-el-primer-radar-con-inteligencia-artificial-viene-para-quedarse\/\"]}]},{\"@type\":\"ImageObject\",\"inLanguage\":\"es\",\"@id\":\"https:\/\/www.mycoyote.es\/blog\/servicios-carretera\/llega-el-primer-radar-con-inteligencia-artificial-viene-para-quedarse\/#primaryimage\",\"url\":\"https:\/\/medias.coyotesystems.com\/wordpress\/sites\/18\/2023\/07\/autos-toda-velocidad-desdibujan-azul-fiebre-ciudad-moderna-generada-ia-scaled-1.jpg\",\"contentUrl\":\"https:\/\/medias.coyotesystems.com\/wordpress\/sites\/18\/2023\/07\/autos-toda-velocidad-desdibujan-azul-fiebre-ciudad-moderna-generada-ia-scaled-1.jpg\",\"width\":2560,\"height\":1463,\"caption\":\"Speeding cars blur blue in modern city rush generated by artificial intelligence\"},{\"@type\":\"BreadcrumbList\",\"@id\":\"https:\/\/www.mycoyote.es\/blog\/servicios-carretera\/llega-el-primer-radar-con-inteligencia-artificial-viene-para-quedarse\/#breadcrumb\",\"itemListElement\":[{\"@type\":\"ListItem\",\"position\":1,\"name\":\"Home\",\"item\":\"https:\/\/www.mycoyote.es\/blog\/\"},{\"@type\":\"ListItem\",\"position\":2,\"name\":\"Carretera\",\"item\":\"https:\/\/www.mycoyote.es\/blog\/servicios-carretera\/\"},{\"@type\":\"ListItem\",\"position\":3,\"name\":\"Llega el primer radar con Inteligencia Artificial, \u00bfviene para quedarse?\"}]},{\"@type\":\"WebSite\",\"@id\":\"https:\/\/www.mycoyote.es\/blog\/#website\",\"url\":\"https:\/\/www.mycoyote.es\/blog\/\",\"name\":\"El Blog Coyote\",\"description\":\"\",\"publisher\":{\"@id\":\"https:\/\/www.mycoyote.es\/blog\/#organization\"},\"potentialAction\":[{\"@type\":\"SearchAction\",\"target\":{\"@type\":\"EntryPoint\",\"urlTemplate\":\"https:\/\/www.mycoyote.es\/blog\/?s={search_term_string}\"},\"query-input\":{\"@type\":\"PropertyValueSpecification\",\"valueRequired\":true,\"valueName\":\"search_term_string\"}}],\"inLanguage\":\"es\"},{\"@type\":\"Organization\",\"@id\":\"https:\/\/www.mycoyote.es\/blog\/#organization\",\"name\":\"Coyote\",\"url\":\"https:\/\/www.mycoyote.es\/blog\/\",\"logo\":{\"@type\":\"ImageObject\",\"inLanguage\":\"es\",\"@id\":\"https:\/\/www.mycoyote.es\/blog\/#\/schema\/logo\/image\/\",\"url\":\"https:\/\/medias.coyotesystems.com\/wordpress\/sites\/18\/2024\/02\/Logo-Coyote-1.png\",\"contentUrl\":\"https:\/\/medias.coyotesystems.com\/wordpress\/sites\/18\/2024\/02\/Logo-Coyote-1.png\",\"width\":842,\"height\":263,\"caption\":\"Coyote\"},\"image\":{\"@id\":\"https:\/\/www.mycoyote.es\/blog\/#\/schema\/logo\/image\/\"},\"sameAs\":[\"https:\/\/www.facebook.com\/MyCoyote\/\",\"https:\/\/x.com\/Coyote_ES\",\"https:\/\/www.instagram.com\/coyote_es\/\",\"https:\/\/www.youtube.com\/user\/CoyoteEspana\"]},{\"@type\":\"Person\",\"@id\":\"https:\/\/www.mycoyote.es\/blog\/#\/schema\/person\/32b548521f0271716793ec87d850bfe9\",\"name\":\"Coyote Espa\u00f1a\",\"image\":{\"@type\":\"ImageObject\",\"inLanguage\":\"es\",\"@id\":\"https:\/\/www.mycoyote.es\/blog\/#\/schema\/person\/image\/\",\"url\":\"https:\/\/secure.gravatar.com\/avatar\/2d671b121706f48e74f5a1baf2f7300ee6dd7ddad4dc010133aed84f24ccd790?s=96&d=mm&r=g\",\"contentUrl\":\"https:\/\/secure.gravatar.com\/avatar\/2d671b121706f48e74f5a1baf2f7300ee6dd7ddad4dc010133aed84f24ccd790?s=96&d=mm&r=g\",\"caption\":\"Coyote Espa\u00f1a\"}}]}<\/script>\n<!-- \/ Yoast SEO plugin. -->","yoast_head_json":{"title":"Llega el primer radar con Inteligencia Artificial, \u00bfviene para quedarse? - El Blog Coyote","robots":{"index":"index","follow":"follow","max-snippet":"max-snippet:-1","max-image-preview":"max-image-preview:large","max-video-preview":"max-video-preview:-1"},"canonical":"https:\/\/www.mycoyote.es\/blog\/servicios-carretera\/llega-el-primer-radar-con-inteligencia-artificial-viene-para-quedarse\/","og_locale":"es_ES","og_type":"article","og_title":"Llega el primer radar con Inteligencia Artificial, \u00bfviene para quedarse? - El Blog Coyote","og_description":"La inteligencia artificial (AI) ha llegado para quedarse, es toda una revoluci\u00f3n industrial y social que est\u00e1 cambiando nuestras vidas. [&hellip;]","og_url":"https:\/\/www.mycoyote.es\/blog\/servicios-carretera\/llega-el-primer-radar-con-inteligencia-artificial-viene-para-quedarse\/","og_site_name":"El Blog Coyote","article_publisher":"https:\/\/www.facebook.com\/MyCoyote\/","article_published_time":"2023-07-13T12:28:40+00:00","og_image":[{"width":2560,"height":1463,"url":"https:\/\/medias.coyotesystems.com\/wordpress\/sites\/18\/2023\/07\/autos-toda-velocidad-desdibujan-azul-fiebre-ciudad-moderna-generada-ia-scaled-1.jpg","type":"image\/jpeg"}],"author":"Coyote Espa\u00f1a","twitter_card":"summary_large_image","twitter_creator":"@Coyote_ES","twitter_site":"@Coyote_ES","twitter_misc":{"Written by":"Coyote Espa\u00f1a","Est. reading time":"4 minutos"},"schema":{"@context":"https:\/\/schema.org","@graph":[{"@type":"Article","@id":"https:\/\/www.mycoyote.es\/blog\/servicios-carretera\/llega-el-primer-radar-con-inteligencia-artificial-viene-para-quedarse\/#article","isPartOf":{"@id":"https:\/\/www.mycoyote.es\/blog\/servicios-carretera\/llega-el-primer-radar-con-inteligencia-artificial-viene-para-quedarse\/"},"author":{"name":"Coyote Espa\u00f1a","@id":"https:\/\/www.mycoyote.es\/blog\/#\/schema\/person\/32b548521f0271716793ec87d850bfe9"},"headline":"Llega el primer radar con Inteligencia Artificial, \u00bfviene para quedarse?","datePublished":"2023-07-13T12:28:40+00:00","mainEntityOfPage":{"@id":"https:\/\/www.mycoyote.es\/blog\/servicios-carretera\/llega-el-primer-radar-con-inteligencia-artificial-viene-para-quedarse\/"},"wordCount":777,"commentCount":0,"publisher":{"@id":"https:\/\/www.mycoyote.es\/blog\/#organization"},"image":{"@id":"https:\/\/www.mycoyote.es\/blog\/servicios-carretera\/llega-el-primer-radar-con-inteligencia-artificial-viene-para-quedarse\/#primaryimage"},"thumbnailUrl":"https:\/\/medias.coyotesystems.com\/wordpress\/sites\/18\/2023\/07\/autos-toda-velocidad-desdibujan-azul-fiebre-ciudad-moderna-generada-ia-scaled-1.jpg","articleSection":["Carretera","Noticias","Radares","Sin clasificar"],"inLanguage":"es","potentialAction":[{"@type":"CommentAction","name":"Comment","target":["https:\/\/www.mycoyote.es\/blog\/servicios-carretera\/llega-el-primer-radar-con-inteligencia-artificial-viene-para-quedarse\/#respond"]}]},{"@type":"WebPage","@id":"https:\/\/www.mycoyote.es\/blog\/servicios-carretera\/llega-el-primer-radar-con-inteligencia-artificial-viene-para-quedarse\/","url":"https:\/\/www.mycoyote.es\/blog\/servicios-carretera\/llega-el-primer-radar-con-inteligencia-artificial-viene-para-quedarse\/","name":"Llega el primer radar con Inteligencia Artificial, \u00bfviene para quedarse? - El Blog Coyote","isPartOf":{"@id":"https:\/\/www.mycoyote.es\/blog\/#website"},"primaryImageOfPage":{"@id":"https:\/\/www.mycoyote.es\/blog\/servicios-carretera\/llega-el-primer-radar-con-inteligencia-artificial-viene-para-quedarse\/#primaryimage"},"image":{"@id":"https:\/\/www.mycoyote.es\/blog\/servicios-carretera\/llega-el-primer-radar-con-inteligencia-artificial-viene-para-quedarse\/#primaryimage"},"thumbnailUrl":"https:\/\/medias.coyotesystems.com\/wordpress\/sites\/18\/2023\/07\/autos-toda-velocidad-desdibujan-azul-fiebre-ciudad-moderna-generada-ia-scaled-1.jpg","datePublished":"2023-07-13T12:28:40+00:00","breadcrumb":{"@id":"https:\/\/www.mycoyote.es\/blog\/servicios-carretera\/llega-el-primer-radar-con-inteligencia-artificial-viene-para-quedarse\/#breadcrumb"},"inLanguage":"es","potentialAction":[{"@type":"ReadAction","target":["https:\/\/www.mycoyote.es\/blog\/servicios-carretera\/llega-el-primer-radar-con-inteligencia-artificial-viene-para-quedarse\/"]}]},{"@type":"ImageObject","inLanguage":"es","@id":"https:\/\/www.mycoyote.es\/blog\/servicios-carretera\/llega-el-primer-radar-con-inteligencia-artificial-viene-para-quedarse\/#primaryimage","url":"https:\/\/medias.coyotesystems.com\/wordpress\/sites\/18\/2023\/07\/autos-toda-velocidad-desdibujan-azul-fiebre-ciudad-moderna-generada-ia-scaled-1.jpg","contentUrl":"https:\/\/medias.coyotesystems.com\/wordpress\/sites\/18\/2023\/07\/autos-toda-velocidad-desdibujan-azul-fiebre-ciudad-moderna-generada-ia-scaled-1.jpg","width":2560,"height":1463,"caption":"Speeding cars blur blue in modern city rush generated by artificial intelligence"},{"@type":"BreadcrumbList","@id":"https:\/\/www.mycoyote.es\/blog\/servicios-carretera\/llega-el-primer-radar-con-inteligencia-artificial-viene-para-quedarse\/#breadcrumb","itemListElement":[{"@type":"ListItem","position":1,"name":"Home","item":"https:\/\/www.mycoyote.es\/blog\/"},{"@type":"ListItem","position":2,"name":"Carretera","item":"https:\/\/www.mycoyote.es\/blog\/servicios-carretera\/"},{"@type":"ListItem","position":3,"name":"Llega el primer radar con Inteligencia Artificial, \u00bfviene para quedarse?"}]},{"@type":"WebSite","@id":"https:\/\/www.mycoyote.es\/blog\/#website","url":"https:\/\/www.mycoyote.es\/blog\/","name":"El Blog Coyote","description":"","publisher":{"@id":"https:\/\/www.mycoyote.es\/blog\/#organization"},"potentialAction":[{"@type":"SearchAction","target":{"@type":"EntryPoint","urlTemplate":"https:\/\/www.mycoyote.es\/blog\/?s={search_term_string}"},"query-input":{"@type":"PropertyValueSpecification","valueRequired":true,"valueName":"search_term_string"}}],"inLanguage":"es"},{"@type":"Organization","@id":"https:\/\/www.mycoyote.es\/blog\/#organization","name":"Coyote","url":"https:\/\/www.mycoyote.es\/blog\/","logo":{"@type":"ImageObject","inLanguage":"es","@id":"https:\/\/www.mycoyote.es\/blog\/#\/schema\/logo\/image\/","url":"https:\/\/medias.coyotesystems.com\/wordpress\/sites\/18\/2024\/02\/Logo-Coyote-1.png","contentUrl":"https:\/\/medias.coyotesystems.com\/wordpress\/sites\/18\/2024\/02\/Logo-Coyote-1.png","width":842,"height":263,"caption":"Coyote"},"image":{"@id":"https:\/\/www.mycoyote.es\/blog\/#\/schema\/logo\/image\/"},"sameAs":["https:\/\/www.facebook.com\/MyCoyote\/","https:\/\/x.com\/Coyote_ES","https:\/\/www.instagram.com\/coyote_es\/","https:\/\/www.youtube.com\/user\/CoyoteEspana"]},{"@type":"Person","@id":"https:\/\/www.mycoyote.es\/blog\/#\/schema\/person\/32b548521f0271716793ec87d850bfe9","name":"Coyote Espa\u00f1a","image":{"@type":"ImageObject","inLanguage":"es","@id":"https:\/\/www.mycoyote.es\/blog\/#\/schema\/person\/image\/","url":"https:\/\/secure.gravatar.com\/avatar\/2d671b121706f48e74f5a1baf2f7300ee6dd7ddad4dc010133aed84f24ccd790?s=96&d=mm&r=g","contentUrl":"https:\/\/secure.gravatar.com\/avatar\/2d671b121706f48e74f5a1baf2f7300ee6dd7ddad4dc010133aed84f24ccd790?s=96&d=mm&r=g","caption":"Coyote Espa\u00f1a"}}]}},"_links":{"self":[{"href":"https:\/\/www.mycoyote.es\/blog\/wp-json\/wp\/v2\/posts\/8637","targetHints":{"allow":["GET"]}}],"collection":[{"href":"https:\/\/www.mycoyote.es\/blog\/wp-json\/wp\/v2\/posts"}],"about":[{"href":"https:\/\/www.mycoyote.es\/blog\/wp-json\/wp\/v2\/types\/post"}],"author":[{"embeddable":true,"href":"https:\/\/www.mycoyote.es\/blog\/wp-json\/wp\/v2\/users\/170"}],"replies":[{"embeddable":true,"href":"https:\/\/www.mycoyote.es\/blog\/wp-json\/wp\/v2\/comments?post=8637"}],"version-history":[{"count":0,"href":"https:\/\/www.mycoyote.es\/blog\/wp-json\/wp\/v2\/posts\/8637\/revisions"}],"wp:featuredmedia":[{"embeddable":true,"href":"https:\/\/www.mycoyote.es\/blog\/wp-json\/wp\/v2\/media\/8641"}],"wp:attachment":[{"href":"https:\/\/www.mycoyote.es\/blog\/wp-json\/wp\/v2\/media?parent=8637"}],"wp:term":[{"taxonomy":"category","embeddable":true,"href":"https:\/\/www.mycoyote.es\/blog\/wp-json\/wp\/v2\/categories?post=8637"},{"taxonomy":"post_tag","embeddable":true,"href":"https:\/\/www.mycoyote.es\/blog\/wp-json\/wp\/v2\/tags?post=8637"}],"curies":[{"name":"wp","href":"https:\/\/api.w.org\/{rel}","templated":true}]}}