{"id":8267,"date":"2023-02-17T10:27:01","date_gmt":"2023-02-17T09:27:01","guid":{"rendered":"https:\/\/www.mycoyote.es\/blog\/?p=8267"},"modified":"2023-02-17T10:27:01","modified_gmt":"2023-02-17T09:27:01","slug":"por-que-comprar-un-coche-electrico-claves-para-el-2023","status":"publish","type":"post","link":"https:\/\/www.mycoyote.es\/blog\/noticias\/por-que-comprar-un-coche-electrico-claves-para-el-2023\/","title":{"rendered":"\u00bfPor qu\u00e9 comprar un coche el\u00e9ctrico?: claves para el 2023"},"content":{"rendered":"\n<p>El mercado del coche el\u00e9ctrico va en aumento, de eso no cabe duda, sabemos que son el presente y m\u00e1s tras escuchar la reciente noticia de que <strong>el Parlamento Europeo prohibir\u00e1 la venta de coches de gasolinas y di\u00e9sel en 2035.<\/strong> Sin embargo, los conductores se siguen haciendo muchas preguntas sobre si adquirirlos o no y si hay ayudas para hacerlo. En este art\u00edculo vamos a hablar de las razones m\u00e1s importantes por las que debemos plantearnos adquirir los coches el\u00e9ctricos, las dudas m\u00e1s populares y tambi\u00e9n abordaremos el plan de ayuda Move III, as\u00ed como un ranking de los coches el\u00e9ctricos m\u00e1s comprados este 2022. \u00a1Vamos a ello!<\/p>\n\n\n\n<figure class=\"wp-block-image\"><img loading=\"lazy\" decoding=\"async\" width=\"1024\" height=\"752\" src=\"https:\/\/www.mycoyote.es\/blog\/wp-content\/uploads\/2023\/02\/electric-charge-g4d7c1ed61_1280-1-1024x752.jpg\" alt=\"coche electrico punto carga\" class=\"wp-image-8283\" srcset=\"https:\/\/medias.coyotesystems.com\/wordpress\/sites\/18\/2023\/02\/electric-charge-g4d7c1ed61_1280-1-1024x752.jpg 1024w, https:\/\/medias.coyotesystems.com\/wordpress\/sites\/18\/2023\/02\/electric-charge-g4d7c1ed61_1280-1-300x220.jpg 300w, https:\/\/medias.coyotesystems.com\/wordpress\/sites\/18\/2023\/02\/electric-charge-g4d7c1ed61_1280-1-768x564.jpg 768w, https:\/\/medias.coyotesystems.com\/wordpress\/sites\/18\/2023\/02\/electric-charge-g4d7c1ed61_1280-1.jpg 1280w\" sizes=\"auto, (max-width: 1024px) 100vw, 1024px\" \/><\/figure>\n\n\n\n<h2 class=\"wp-block-heading\">Las 3 principales razones por las que  comprar un coche el\u00e9ctrico<\/h2>\n\n\n\n<p>En primer lugar, vamos a mencionar los dos principales motivos que frenan la venta del coche el\u00e9ctrico:<\/p>\n\n\n\n<ul class=\"wp-block-list\"><li><strong>Precio:<\/strong> los coches el\u00e9ctricos son m\u00e1s caros que un di\u00e9sel o un gasolina.<\/li><li><strong>La bater\u00eda:<\/strong> hay miedo de que te puedas quedar sin bater\u00eda a mitad del camino porque esta se haya agotado y no tengas donde cargarla, es decir que no haya infraestructura para cargar<\/li><\/ul>\n\n\n\n<p>Es cierto, que estos factores son muy temidos, pero tambi\u00e9n es verdad que cada vez lo son menos y por ello queremos aportar un grado de positividad y darte las siguientes buenas razones para adquirir un coche el\u00e9ctrico este 2023: <\/p>\n\n\n\n<h3 class=\"wp-block-heading\">1. MAS PUNTOS DE RECARGA- REAL DECRETO DE 2021<\/h3>\n\n\n\n<p>Si hay algo que preocupa a los conductores es que no encuentren d\u00f3nde recargar el coche el\u00e9ctrico, vamos con retraso frente a Europa. &nbsp;Sin embargo, s\u00ed podemos afirmar que<strong> los puntos de recarga est\u00e1n aumentando <\/strong>considerablemente y distribuy\u00e9ndose en ciudades y fueras de ellas. <\/p>\n\n\n\n<p>Hay que sumar un importante compromiso por parte del Estado, que aprob\u00f3 en <strong>2001 el Real Decreto 29\/2021<\/strong> en el que se adoptan medidas para fomentar la movilidad el\u00e9ctrica. Estas medidas obligan a la instalaci\u00f3n de puntos de recarga en determinados espacios de acceso p\u00fablico (supermercados, hoteles, restaurantes) o edificios no residenciales privados (garajes p\u00fablicos o centros de trabajo). Desde este a\u00f1o, los edificios no residenciales privados que tengan aparcamientos con 20 plazas o m\u00e1s deben tener un cargador por 40 plazas. En el caso 1000 plazas, ser\u00e1 obligatorio instalar puntos de recarga cada 100 plazas. Del mismo modo los edificios de la Administraci\u00f3n General del Estado est\u00e1n obligados a instalar un punto de recarga por cada 20 plazas<\/p>\n\n\n\n<p><a href=\"https:\/\/www.mycoyote.es\/blog\/noticias\/cual-es-la-multa-por-aparcar-en-una-plaza-de-carga-de-vehiculos-electricos\/\">Multa por aparcar en un punto de carga<\/a><\/p>\n\n\n\n<p>El plan destina una partida a la compra e instalaci\u00f3n de puntos de recarga. En este caso la subvenci\u00f3n se calcula en base a la inversi\u00f3n necesaria: hasta un<strong> 80 % del coste subvencionable <\/strong>para particulares, aut\u00f3nomos y para la administraci\u00f3n sin actividad econ\u00f3mica. En el caso de las empresas y entes p\u00fablicos con actividad econ\u00f3mica la ayuda puede ascender hasta un 60% del coste subvencionable.<\/p>\n\n\n\n<figure class=\"wp-block-image\"><img loading=\"lazy\" decoding=\"async\" width=\"1024\" height=\"768\" src=\"https:\/\/www.mycoyote.es\/blog\/wp-content\/uploads\/2023\/02\/electric-car-ga83527f3e_1280-2-1024x768.jpg\" alt=\"coche electrico pantalla\" class=\"wp-image-8285\" srcset=\"https:\/\/medias.coyotesystems.com\/wordpress\/sites\/18\/2023\/02\/electric-car-ga83527f3e_1280-2-1024x768.jpg 1024w, https:\/\/medias.coyotesystems.com\/wordpress\/sites\/18\/2023\/02\/electric-car-ga83527f3e_1280-2-300x225.jpg 300w, https:\/\/medias.coyotesystems.com\/wordpress\/sites\/18\/2023\/02\/electric-car-ga83527f3e_1280-2-768x576.jpg 768w, https:\/\/medias.coyotesystems.com\/wordpress\/sites\/18\/2023\/02\/electric-car-ga83527f3e_1280-2.jpg 1280w\" sizes=\"auto, (max-width: 1024px) 100vw, 1024px\" \/><\/figure>\n\n\n\n<h3 class=\"wp-block-heading\">2.  MAYOR AUTONOM\u00cdA CON LAS BATER\u00cdAS <\/h3>\n\n\n\n<p>Las bater\u00edas actuales ha<strong>n duplicado su autonom\u00eda<\/strong>, pasando de 200 kil\u00f3metros a 400k, ya que son m\u00e1s eficientes y los sistemas de propulsi\u00f3n optimizan su rendimiento. Aparte de este aumento en la autonom\u00eda tambi\u00e9n se <strong>han acortado los tiempos de recarg<\/strong>a del coche el\u00e9ctrico. Los sistemas de carga r\u00e1pida permiten recuperar el 80% de la bater\u00eda en 30 minutos y solo necesita unos minutos para recargar energ\u00eda para recoger 100 o 150 km.<\/p>\n\n\n\n<h3 class=\"wp-block-heading\">3.   COCHE EL EL\u00c9CTRICO ES EL PRESENTE Y EL FUTURO INMEDIATO<\/h3>\n\n\n\n<p>Como vemos, el veh\u00edculo el\u00e9ctrico ya lleg\u00f3 a nuestras vidas y no hay freno posible. Los combustibles f\u00f3siles se van agotando y el mercado por fin decidi\u00f3 electrificarse y lo ha hecho con un<strong> gran impulso y planes muy ambiciosos,<\/strong> que ya incluyen modelos de todo tipo. Para 2025 Peugeot ha presentado su hoja de ruta el\u00e9ctrica que contar\u00e1 con el 100% de oferta el\u00e9ctrica. Es decir, de aqu\u00ed a dos a\u00f1os todos sus modelos ser\u00e1n el\u00e9ctricos.<\/p>\n\n\n\n<p>A la vez que estos planes ambiciosos de las marcas hay que tener en cuenta medidas como la entrada en vigor de las<strong> zonas ZBE<\/strong> (Zonas de Bajas Emisiones) en todos los municipios espa\u00f1oles de 50.000 habitantes. Los veh\u00edculos m\u00e1s contaminantes ver\u00e1n prohibida su circulaci\u00f3n en estas zonas en funci\u00f3n de las etiquetas de la DGT que dispongan. Con lo cual adquirir un coche el\u00e9ctrico ser\u00e1 totalmente ventajoso ya que no emiten di\u00f3xido de carbono.<\/p>\n\n\n\n<p>En cuanto al precio, es cierto que son m\u00e1s caros, pero a medida que se mejoran y se aumenta el mercado este ir\u00e1 disminuyendo.<\/p>\n\n\n\n<ul class=\"wp-block-gallery columns-1 is-cropped wp-block-gallery-1 is-layout-flex wp-block-gallery-is-layout-flex\"><li class=\"blocks-gallery-item\"><figure><img loading=\"lazy\" decoding=\"async\" width=\"1024\" height=\"682\" src=\"https:\/\/www.mycoyote.es\/blog\/wp-content\/uploads\/2023\/02\/electric-car-g36db9c772_1280-1-1024x682.jpg\" alt=\"\" data-id=\"8287\" data-link=\"https:\/\/www.mycoyote.es\/blog\/?attachment_id=8287\" class=\"wp-image-8287\" srcset=\"https:\/\/medias.coyotesystems.com\/wordpress\/sites\/18\/2023\/02\/electric-car-g36db9c772_1280-1-1024x682.jpg 1024w, https:\/\/medias.coyotesystems.com\/wordpress\/sites\/18\/2023\/02\/electric-car-g36db9c772_1280-1-300x200.jpg 300w, https:\/\/medias.coyotesystems.com\/wordpress\/sites\/18\/2023\/02\/electric-car-g36db9c772_1280-1-768x512.jpg 768w, https:\/\/medias.coyotesystems.com\/wordpress\/sites\/18\/2023\/02\/electric-car-g36db9c772_1280-1.jpg 1280w\" sizes=\"auto, (max-width: 1024px) 100vw, 1024px\" \/><\/figure><\/li><\/ul>\n\n\n\n<h2 class=\"wp-block-heading\">Ayudas para comprar un coche el\u00e9ctrico: puntos clave del Plan Moves III<\/h2>\n\n\n\n<ul class=\"wp-block-list\"><li>Hemos hablado de \u00e9l con los puntos de recarga, pero el Plan Moves III es muy extenso. Este es un breve resumen de sus principales puntos.<\/li><li>El presupuesto del Plan Moves III era en 2021 de 400 millones de euros y el ejecutivo se comprometi\u00f3 a duplicar esta cantidad.&nbsp; A finales de 2022, se anunci\u00f3 que se har\u00eda efectivo este aumento de presupuesto.<\/li><li>En vigor hasta el 31 de diciembre de 2023 en aquellas comunidades en las que queden fondos por repartir<\/li><li>Las ayudas a la compra de veh\u00edculos eficientes tienen un m\u00e1ximo de 7.000 euros para los coches el\u00e9ctricos y de pila de combustible, siempre y cuando a cambio del nuevo se entregue un veh\u00edculo para achatarrar (si no, la ayuda ser\u00e1 de 4.500 euros)<\/li><li>La ayuda m\u00e1xima para los h\u00edbridos enchufables es la es de 5.000 euros (2.500 si el veh\u00edculo no es para el desguace)<\/li><li>Aumento de un 10% la cuant\u00eda de la ayuda para beneficiarios empadronados en municipios de menos de 5.000 habitantes y zonas rurales<\/li><li>Las ayudas son para los veh\u00edculos de nueva matriculaci\u00f3n, incluyendo los km.0 (siempre y cuando hayan sido matriculados hasta 9 meses antes del 10 de abril de 2021 que es cuando entr\u00f3 en vigor el plan).<\/li><\/ul>\n\n\n\n<figure class=\"wp-block-image\"><img loading=\"lazy\" decoding=\"async\" width=\"1024\" height=\"575\" src=\"https:\/\/www.mycoyote.es\/blog\/wp-content\/uploads\/2023\/02\/tesla-model-3-2023-1024x575.jpg\" alt=\"tesla model 3 2023\" class=\"wp-image-8289\" srcset=\"https:\/\/medias.coyotesystems.com\/wordpress\/sites\/18\/2023\/02\/tesla-model-3-2023-1024x575.jpg 1024w, https:\/\/medias.coyotesystems.com\/wordpress\/sites\/18\/2023\/02\/tesla-model-3-2023-300x168.jpg 300w, https:\/\/medias.coyotesystems.com\/wordpress\/sites\/18\/2023\/02\/tesla-model-3-2023-768x431.jpg 768w, https:\/\/medias.coyotesystems.com\/wordpress\/sites\/18\/2023\/02\/tesla-model-3-2023.jpg 1064w\" sizes=\"auto, (max-width: 1024px) 100vw, 1024px\" \/><figcaption>Tesla Model 3 \/Pixabay\n<\/figcaption><\/figure>\n\n\n\n<h2 class=\"wp-block-heading\">Top 10 de coches el\u00e9ctricos m\u00e1s vendidos en 2022<\/h2>\n\n\n\n<p>En este ranking descubrir\u00e1s cu\u00e1les son los coches el\u00e9ctricos m\u00e1s vendidos en Espa\u00f1a a lo largo del a\u00f1o 2022.<strong>La cuota de mercado del veh\u00edculo el\u00e9ctrico supera ya el 4%. <\/strong>Gracias al incremento de la oferta, la movilidad el\u00e9ctrica gana protagonismo y van a ir apareciendo nuevos modelos muy interesantes. <\/p>\n\n\n\n<table class=\"wp-block-table\"><tbody><tr><td>\n  <strong>RANKING<\/strong>\n  <\/td><td>\n  <strong>MODELO<\/strong>\n  <\/td><td>\n  <strong>VENTAS 2022<\/strong>\n  <\/td><\/tr><tr><td>\n  1\n  <\/td><td>\n  <strong>Tesla Model 3<\/strong>\n  <\/td><td>\n  2.676\n  <\/td><\/tr><tr><td>\n  2\n  <\/td><td>\n  <strong>FIAT 500 El\u00e9ctrico<\/strong>\n  <\/td><td>\n  1.867\n  <\/td><\/tr><tr><td>\n  3\n  <\/td><td>\n  <strong>Tesla Model Y<\/strong>\n  <\/td><td>\n  1.866\n  <\/td><\/tr><tr><td>\n  4\n  <\/td><td>\n  <strong>KIA e-Niro<\/strong>\n  <\/td><td>\n  1.517\n  <\/td><\/tr><tr><td>\n  5\n  <\/td><td>\n  <strong>Citro\u00ebn \u00eb-C4<\/strong>\n  <\/td><td>\n  1.430\n  <\/td><\/tr><tr><td>\n  6\n  <\/td><td>\n  <strong>MINI Cooper SE<\/strong>\n  <\/td><td>\n  1.256\n  <\/td><\/tr><tr><td>\n  7\n  <\/td><td>\n  <strong>Hyundai Kona El\u00e9ctrico<\/strong>\n  <\/td><td>\n  1.101\n  <\/td><\/tr><tr><td>\n  8\n  <\/td><td>\n  <strong>Dacia Spring<\/strong>\n  <\/td><td>\n  1.040\n  <\/td><\/tr><tr><td>\n  9\n  <\/td><td>\n  <strong>Hyundai IONIQ 5<\/strong>\n  <\/td><td>\n  918\n  <\/td><\/tr><tr><td>\n  10\n  <\/td><td>\n  <strong>KIA EV6<\/strong>\n  <\/td><td>\n  918\n  <\/td><\/tr><\/tbody><\/table>\n","protected":false},"excerpt":{"rendered":"<p>El mercado del coche el\u00e9ctrico va en aumento, de eso no cabe duda, sabemos que son el presente y m\u00e1s [&hellip;]<\/p>\n","protected":false},"author":170,"featured_media":8273,"comment_status":"open","ping_status":"closed","sticky":false,"template":"","format":"standard","meta":{"_acf_changed":false,"footnotes":""},"categories":[16,18],"tags":[],"class_list":["post-8267","post","type-post","status-publish","format-standard","has-post-thumbnail","hentry","category-noticias","category-sin-clasificar"],"acf":[],"yoast_head":"<!-- This site is optimized with the Yoast SEO plugin v25.9 - https:\/\/yoast.com\/wordpress\/plugins\/seo\/ -->\n<title>\u00bfPor qu\u00e9 comprar un coche el\u00e9ctrico? Claves 2023<\/title>\n<meta name=\"description\" content=\"El mercado del coche el\u00e9ctrico va en aumento, son el presente. El Parlamento Europeo prohibir\u00e1 la venta de coches de gasolinas y di\u00e9sel en 2025\" \/>\n<meta name=\"robots\" content=\"index, follow, max-snippet:-1, max-image-preview:large, max-video-preview:-1\" \/>\n<link rel=\"canonical\" href=\"https:\/\/www.mycoyote.es\/blog\/noticias\/por-que-comprar-un-coche-electrico-claves-para-el-2023\/\" \/>\n<meta property=\"og:locale\" content=\"es_ES\" \/>\n<meta property=\"og:type\" content=\"article\" \/>\n<meta property=\"og:title\" content=\"\u00bfPor qu\u00e9 comprar un coche el\u00e9ctrico? Claves 2023\" \/>\n<meta property=\"og:description\" content=\"El mercado del coche el\u00e9ctrico va en aumento, son el presente. El Parlamento Europeo prohibir\u00e1 la venta de coches de gasolinas y di\u00e9sel en 2025\" \/>\n<meta property=\"og:url\" content=\"https:\/\/www.mycoyote.es\/blog\/noticias\/por-que-comprar-un-coche-electrico-claves-para-el-2023\/\" \/>\n<meta property=\"og:site_name\" content=\"El Blog Coyote\" \/>\n<meta property=\"article:publisher\" content=\"https:\/\/www.facebook.com\/MyCoyote\/\" \/>\n<meta property=\"article:published_time\" content=\"2023-02-17T09:27:01+00:00\" \/>\n<meta property=\"og:image\" content=\"https:\/\/medias.coyotesystems.com\/wordpress\/sites\/18\/2023\/02\/carsharing-gb49b6471f_1280.jpg\" \/>\n\t<meta property=\"og:image:width\" content=\"1280\" \/>\n\t<meta property=\"og:image:height\" content=\"853\" \/>\n\t<meta property=\"og:image:type\" content=\"image\/jpeg\" \/>\n<meta name=\"author\" content=\"Coyote Espa\u00f1a\" \/>\n<meta name=\"twitter:card\" content=\"summary_large_image\" \/>\n<meta name=\"twitter:creator\" content=\"@Coyote_ES\" \/>\n<meta name=\"twitter:site\" content=\"@Coyote_ES\" \/>\n<meta name=\"twitter:label1\" content=\"Written by\" \/>\n\t<meta name=\"twitter:data1\" content=\"Coyote Espa\u00f1a\" \/>\n\t<meta name=\"twitter:label2\" content=\"Est. reading time\" \/>\n\t<meta name=\"twitter:data2\" content=\"5 minutos\" \/>\n<script type=\"application\/ld+json\" class=\"yoast-schema-graph\">{\"@context\":\"https:\/\/schema.org\",\"@graph\":[{\"@type\":\"Article\",\"@id\":\"https:\/\/www.mycoyote.es\/blog\/noticias\/por-que-comprar-un-coche-electrico-claves-para-el-2023\/#article\",\"isPartOf\":{\"@id\":\"https:\/\/www.mycoyote.es\/blog\/noticias\/por-que-comprar-un-coche-electrico-claves-para-el-2023\/\"},\"author\":{\"name\":\"Coyote Espa\u00f1a\",\"@id\":\"https:\/\/www.mycoyote.es\/blog\/#\/schema\/person\/32b548521f0271716793ec87d850bfe9\"},\"headline\":\"\u00bfPor qu\u00e9 comprar un coche el\u00e9ctrico?: claves para el 2023\",\"datePublished\":\"2023-02-17T09:27:01+00:00\",\"mainEntityOfPage\":{\"@id\":\"https:\/\/www.mycoyote.es\/blog\/noticias\/por-que-comprar-un-coche-electrico-claves-para-el-2023\/\"},\"wordCount\":1105,\"commentCount\":0,\"publisher\":{\"@id\":\"https:\/\/www.mycoyote.es\/blog\/#organization\"},\"image\":{\"@id\":\"https:\/\/www.mycoyote.es\/blog\/noticias\/por-que-comprar-un-coche-electrico-claves-para-el-2023\/#primaryimage\"},\"thumbnailUrl\":\"https:\/\/medias.coyotesystems.com\/wordpress\/sites\/18\/2023\/02\/carsharing-gb49b6471f_1280.jpg\",\"articleSection\":[\"Noticias\",\"Sin clasificar\"],\"inLanguage\":\"es\",\"potentialAction\":[{\"@type\":\"CommentAction\",\"name\":\"Comment\",\"target\":[\"https:\/\/www.mycoyote.es\/blog\/noticias\/por-que-comprar-un-coche-electrico-claves-para-el-2023\/#respond\"]}]},{\"@type\":\"WebPage\",\"@id\":\"https:\/\/www.mycoyote.es\/blog\/noticias\/por-que-comprar-un-coche-electrico-claves-para-el-2023\/\",\"url\":\"https:\/\/www.mycoyote.es\/blog\/noticias\/por-que-comprar-un-coche-electrico-claves-para-el-2023\/\",\"name\":\"\u00bfPor qu\u00e9 comprar un coche el\u00e9ctrico? Claves 2023\",\"isPartOf\":{\"@id\":\"https:\/\/www.mycoyote.es\/blog\/#website\"},\"primaryImageOfPage\":{\"@id\":\"https:\/\/www.mycoyote.es\/blog\/noticias\/por-que-comprar-un-coche-electrico-claves-para-el-2023\/#primaryimage\"},\"image\":{\"@id\":\"https:\/\/www.mycoyote.es\/blog\/noticias\/por-que-comprar-un-coche-electrico-claves-para-el-2023\/#primaryimage\"},\"thumbnailUrl\":\"https:\/\/medias.coyotesystems.com\/wordpress\/sites\/18\/2023\/02\/carsharing-gb49b6471f_1280.jpg\",\"datePublished\":\"2023-02-17T09:27:01+00:00\",\"description\":\"El mercado del coche el\u00e9ctrico va en aumento, son el presente. El Parlamento Europeo prohibir\u00e1 la venta de coches de gasolinas y di\u00e9sel en 2025\",\"breadcrumb\":{\"@id\":\"https:\/\/www.mycoyote.es\/blog\/noticias\/por-que-comprar-un-coche-electrico-claves-para-el-2023\/#breadcrumb\"},\"inLanguage\":\"es\",\"potentialAction\":[{\"@type\":\"ReadAction\",\"target\":[\"https:\/\/www.mycoyote.es\/blog\/noticias\/por-que-comprar-un-coche-electrico-claves-para-el-2023\/\"]}]},{\"@type\":\"ImageObject\",\"inLanguage\":\"es\",\"@id\":\"https:\/\/www.mycoyote.es\/blog\/noticias\/por-que-comprar-un-coche-electrico-claves-para-el-2023\/#primaryimage\",\"url\":\"https:\/\/medias.coyotesystems.com\/wordpress\/sites\/18\/2023\/02\/carsharing-gb49b6471f_1280.jpg\",\"contentUrl\":\"https:\/\/medias.coyotesystems.com\/wordpress\/sites\/18\/2023\/02\/carsharing-gb49b6471f_1280.jpg\",\"width\":1280,\"height\":853},{\"@type\":\"BreadcrumbList\",\"@id\":\"https:\/\/www.mycoyote.es\/blog\/noticias\/por-que-comprar-un-coche-electrico-claves-para-el-2023\/#breadcrumb\",\"itemListElement\":[{\"@type\":\"ListItem\",\"position\":1,\"name\":\"Home\",\"item\":\"https:\/\/www.mycoyote.es\/blog\/\"},{\"@type\":\"ListItem\",\"position\":2,\"name\":\"Radares\",\"item\":\"https:\/\/www.mycoyote.es\/blog\/servicio-radares\/\"},{\"@type\":\"ListItem\",\"position\":3,\"name\":\"\u00bfPor qu\u00e9 comprar un coche el\u00e9ctrico?: claves para el 2023\"}]},{\"@type\":\"WebSite\",\"@id\":\"https:\/\/www.mycoyote.es\/blog\/#website\",\"url\":\"https:\/\/www.mycoyote.es\/blog\/\",\"name\":\"El Blog Coyote\",\"description\":\"\",\"publisher\":{\"@id\":\"https:\/\/www.mycoyote.es\/blog\/#organization\"},\"potentialAction\":[{\"@type\":\"SearchAction\",\"target\":{\"@type\":\"EntryPoint\",\"urlTemplate\":\"https:\/\/www.mycoyote.es\/blog\/?s={search_term_string}\"},\"query-input\":{\"@type\":\"PropertyValueSpecification\",\"valueRequired\":true,\"valueName\":\"search_term_string\"}}],\"inLanguage\":\"es\"},{\"@type\":\"Organization\",\"@id\":\"https:\/\/www.mycoyote.es\/blog\/#organization\",\"name\":\"Coyote\",\"url\":\"https:\/\/www.mycoyote.es\/blog\/\",\"logo\":{\"@type\":\"ImageObject\",\"inLanguage\":\"es\",\"@id\":\"https:\/\/www.mycoyote.es\/blog\/#\/schema\/logo\/image\/\",\"url\":\"https:\/\/medias.coyotesystems.com\/wordpress\/sites\/18\/2024\/02\/Logo-Coyote-1.png\",\"contentUrl\":\"https:\/\/medias.coyotesystems.com\/wordpress\/sites\/18\/2024\/02\/Logo-Coyote-1.png\",\"width\":842,\"height\":263,\"caption\":\"Coyote\"},\"image\":{\"@id\":\"https:\/\/www.mycoyote.es\/blog\/#\/schema\/logo\/image\/\"},\"sameAs\":[\"https:\/\/www.facebook.com\/MyCoyote\/\",\"https:\/\/x.com\/Coyote_ES\",\"https:\/\/www.instagram.com\/coyote_es\/\",\"https:\/\/www.youtube.com\/user\/CoyoteEspana\"]},{\"@type\":\"Person\",\"@id\":\"https:\/\/www.mycoyote.es\/blog\/#\/schema\/person\/32b548521f0271716793ec87d850bfe9\",\"name\":\"Coyote Espa\u00f1a\",\"image\":{\"@type\":\"ImageObject\",\"inLanguage\":\"es\",\"@id\":\"https:\/\/www.mycoyote.es\/blog\/#\/schema\/person\/image\/\",\"url\":\"https:\/\/secure.gravatar.com\/avatar\/2d671b121706f48e74f5a1baf2f7300ee6dd7ddad4dc010133aed84f24ccd790?s=96&d=mm&r=g\",\"contentUrl\":\"https:\/\/secure.gravatar.com\/avatar\/2d671b121706f48e74f5a1baf2f7300ee6dd7ddad4dc010133aed84f24ccd790?s=96&d=mm&r=g\",\"caption\":\"Coyote Espa\u00f1a\"}}]}<\/script>\n<!-- \/ Yoast SEO plugin. -->","yoast_head_json":{"title":"\u00bfPor qu\u00e9 comprar un coche el\u00e9ctrico? Claves 2023","description":"El mercado del coche el\u00e9ctrico va en aumento, son el presente. El Parlamento Europeo prohibir\u00e1 la venta de coches de gasolinas y di\u00e9sel en 2025","robots":{"index":"index","follow":"follow","max-snippet":"max-snippet:-1","max-image-preview":"max-image-preview:large","max-video-preview":"max-video-preview:-1"},"canonical":"https:\/\/www.mycoyote.es\/blog\/noticias\/por-que-comprar-un-coche-electrico-claves-para-el-2023\/","og_locale":"es_ES","og_type":"article","og_title":"\u00bfPor qu\u00e9 comprar un coche el\u00e9ctrico? Claves 2023","og_description":"El mercado del coche el\u00e9ctrico va en aumento, son el presente. El Parlamento Europeo prohibir\u00e1 la venta de coches de gasolinas y di\u00e9sel en 2025","og_url":"https:\/\/www.mycoyote.es\/blog\/noticias\/por-que-comprar-un-coche-electrico-claves-para-el-2023\/","og_site_name":"El Blog Coyote","article_publisher":"https:\/\/www.facebook.com\/MyCoyote\/","article_published_time":"2023-02-17T09:27:01+00:00","og_image":[{"width":1280,"height":853,"url":"https:\/\/medias.coyotesystems.com\/wordpress\/sites\/18\/2023\/02\/carsharing-gb49b6471f_1280.jpg","type":"image\/jpeg"}],"author":"Coyote Espa\u00f1a","twitter_card":"summary_large_image","twitter_creator":"@Coyote_ES","twitter_site":"@Coyote_ES","twitter_misc":{"Written by":"Coyote Espa\u00f1a","Est. reading time":"5 minutos"},"schema":{"@context":"https:\/\/schema.org","@graph":[{"@type":"Article","@id":"https:\/\/www.mycoyote.es\/blog\/noticias\/por-que-comprar-un-coche-electrico-claves-para-el-2023\/#article","isPartOf":{"@id":"https:\/\/www.mycoyote.es\/blog\/noticias\/por-que-comprar-un-coche-electrico-claves-para-el-2023\/"},"author":{"name":"Coyote Espa\u00f1a","@id":"https:\/\/www.mycoyote.es\/blog\/#\/schema\/person\/32b548521f0271716793ec87d850bfe9"},"headline":"\u00bfPor qu\u00e9 comprar un coche el\u00e9ctrico?: claves para el 2023","datePublished":"2023-02-17T09:27:01+00:00","mainEntityOfPage":{"@id":"https:\/\/www.mycoyote.es\/blog\/noticias\/por-que-comprar-un-coche-electrico-claves-para-el-2023\/"},"wordCount":1105,"commentCount":0,"publisher":{"@id":"https:\/\/www.mycoyote.es\/blog\/#organization"},"image":{"@id":"https:\/\/www.mycoyote.es\/blog\/noticias\/por-que-comprar-un-coche-electrico-claves-para-el-2023\/#primaryimage"},"thumbnailUrl":"https:\/\/medias.coyotesystems.com\/wordpress\/sites\/18\/2023\/02\/carsharing-gb49b6471f_1280.jpg","articleSection":["Noticias","Sin clasificar"],"inLanguage":"es","potentialAction":[{"@type":"CommentAction","name":"Comment","target":["https:\/\/www.mycoyote.es\/blog\/noticias\/por-que-comprar-un-coche-electrico-claves-para-el-2023\/#respond"]}]},{"@type":"WebPage","@id":"https:\/\/www.mycoyote.es\/blog\/noticias\/por-que-comprar-un-coche-electrico-claves-para-el-2023\/","url":"https:\/\/www.mycoyote.es\/blog\/noticias\/por-que-comprar-un-coche-electrico-claves-para-el-2023\/","name":"\u00bfPor qu\u00e9 comprar un coche el\u00e9ctrico? Claves 2023","isPartOf":{"@id":"https:\/\/www.mycoyote.es\/blog\/#website"},"primaryImageOfPage":{"@id":"https:\/\/www.mycoyote.es\/blog\/noticias\/por-que-comprar-un-coche-electrico-claves-para-el-2023\/#primaryimage"},"image":{"@id":"https:\/\/www.mycoyote.es\/blog\/noticias\/por-que-comprar-un-coche-electrico-claves-para-el-2023\/#primaryimage"},"thumbnailUrl":"https:\/\/medias.coyotesystems.com\/wordpress\/sites\/18\/2023\/02\/carsharing-gb49b6471f_1280.jpg","datePublished":"2023-02-17T09:27:01+00:00","description":"El mercado del coche el\u00e9ctrico va en aumento, son el presente. El Parlamento Europeo prohibir\u00e1 la venta de coches de gasolinas y di\u00e9sel en 2025","breadcrumb":{"@id":"https:\/\/www.mycoyote.es\/blog\/noticias\/por-que-comprar-un-coche-electrico-claves-para-el-2023\/#breadcrumb"},"inLanguage":"es","potentialAction":[{"@type":"ReadAction","target":["https:\/\/www.mycoyote.es\/blog\/noticias\/por-que-comprar-un-coche-electrico-claves-para-el-2023\/"]}]},{"@type":"ImageObject","inLanguage":"es","@id":"https:\/\/www.mycoyote.es\/blog\/noticias\/por-que-comprar-un-coche-electrico-claves-para-el-2023\/#primaryimage","url":"https:\/\/medias.coyotesystems.com\/wordpress\/sites\/18\/2023\/02\/carsharing-gb49b6471f_1280.jpg","contentUrl":"https:\/\/medias.coyotesystems.com\/wordpress\/sites\/18\/2023\/02\/carsharing-gb49b6471f_1280.jpg","width":1280,"height":853},{"@type":"BreadcrumbList","@id":"https:\/\/www.mycoyote.es\/blog\/noticias\/por-que-comprar-un-coche-electrico-claves-para-el-2023\/#breadcrumb","itemListElement":[{"@type":"ListItem","position":1,"name":"Home","item":"https:\/\/www.mycoyote.es\/blog\/"},{"@type":"ListItem","position":2,"name":"Radares","item":"https:\/\/www.mycoyote.es\/blog\/servicio-radares\/"},{"@type":"ListItem","position":3,"name":"\u00bfPor qu\u00e9 comprar un coche el\u00e9ctrico?: claves para el 2023"}]},{"@type":"WebSite","@id":"https:\/\/www.mycoyote.es\/blog\/#website","url":"https:\/\/www.mycoyote.es\/blog\/","name":"El Blog Coyote","description":"","publisher":{"@id":"https:\/\/www.mycoyote.es\/blog\/#organization"},"potentialAction":[{"@type":"SearchAction","target":{"@type":"EntryPoint","urlTemplate":"https:\/\/www.mycoyote.es\/blog\/?s={search_term_string}"},"query-input":{"@type":"PropertyValueSpecification","valueRequired":true,"valueName":"search_term_string"}}],"inLanguage":"es"},{"@type":"Organization","@id":"https:\/\/www.mycoyote.es\/blog\/#organization","name":"Coyote","url":"https:\/\/www.mycoyote.es\/blog\/","logo":{"@type":"ImageObject","inLanguage":"es","@id":"https:\/\/www.mycoyote.es\/blog\/#\/schema\/logo\/image\/","url":"https:\/\/medias.coyotesystems.com\/wordpress\/sites\/18\/2024\/02\/Logo-Coyote-1.png","contentUrl":"https:\/\/medias.coyotesystems.com\/wordpress\/sites\/18\/2024\/02\/Logo-Coyote-1.png","width":842,"height":263,"caption":"Coyote"},"image":{"@id":"https:\/\/www.mycoyote.es\/blog\/#\/schema\/logo\/image\/"},"sameAs":["https:\/\/www.facebook.com\/MyCoyote\/","https:\/\/x.com\/Coyote_ES","https:\/\/www.instagram.com\/coyote_es\/","https:\/\/www.youtube.com\/user\/CoyoteEspana"]},{"@type":"Person","@id":"https:\/\/www.mycoyote.es\/blog\/#\/schema\/person\/32b548521f0271716793ec87d850bfe9","name":"Coyote Espa\u00f1a","image":{"@type":"ImageObject","inLanguage":"es","@id":"https:\/\/www.mycoyote.es\/blog\/#\/schema\/person\/image\/","url":"https:\/\/secure.gravatar.com\/avatar\/2d671b121706f48e74f5a1baf2f7300ee6dd7ddad4dc010133aed84f24ccd790?s=96&d=mm&r=g","contentUrl":"https:\/\/secure.gravatar.com\/avatar\/2d671b121706f48e74f5a1baf2f7300ee6dd7ddad4dc010133aed84f24ccd790?s=96&d=mm&r=g","caption":"Coyote Espa\u00f1a"}}]}},"_links":{"self":[{"href":"https:\/\/www.mycoyote.es\/blog\/wp-json\/wp\/v2\/posts\/8267","targetHints":{"allow":["GET"]}}],"collection":[{"href":"https:\/\/www.mycoyote.es\/blog\/wp-json\/wp\/v2\/posts"}],"about":[{"href":"https:\/\/www.mycoyote.es\/blog\/wp-json\/wp\/v2\/types\/post"}],"author":[{"embeddable":true,"href":"https:\/\/www.mycoyote.es\/blog\/wp-json\/wp\/v2\/users\/170"}],"replies":[{"embeddable":true,"href":"https:\/\/www.mycoyote.es\/blog\/wp-json\/wp\/v2\/comments?post=8267"}],"version-history":[{"count":0,"href":"https:\/\/www.mycoyote.es\/blog\/wp-json\/wp\/v2\/posts\/8267\/revisions"}],"wp:featuredmedia":[{"embeddable":true,"href":"https:\/\/www.mycoyote.es\/blog\/wp-json\/wp\/v2\/media\/8273"}],"wp:attachment":[{"href":"https:\/\/www.mycoyote.es\/blog\/wp-json\/wp\/v2\/media?parent=8267"}],"wp:term":[{"taxonomy":"category","embeddable":true,"href":"https:\/\/www.mycoyote.es\/blog\/wp-json\/wp\/v2\/categories?post=8267"},{"taxonomy":"post_tag","embeddable":true,"href":"https:\/\/www.mycoyote.es\/blog\/wp-json\/wp\/v2\/tags?post=8267"}],"curies":[{"name":"wp","href":"https:\/\/api.w.org\/{rel}","templated":true}]}}