{"id":737,"date":"2016-07-07T08:10:39","date_gmt":"2016-07-07T07:10:39","guid":{"rendered":"https:\/\/www.mycoyote.es\/blog\/?p=737"},"modified":"2025-05-16T14:20:06","modified_gmt":"2025-05-16T12:20:06","slug":"en-san-fermin-refuerza-la-seguridad-con-coyote","status":"publish","type":"post","link":"https:\/\/www.mycoyote.es\/blog\/comunidad-coyote\/en-san-fermin-refuerza-la-seguridad-con-coyote\/","title":{"rendered":"En San Ferm\u00edn, refuerza la seguridad con Coyote"},"content":{"rendered":"<p>El txupinazo de ayer, 6 de julio, fue el pistoletazo de salida a nueve d\u00edas de fiesta, alegr\u00eda, encierros, cantos a San Ferm\u00edn y, sobre todo, excesos. Hasta el pr\u00f3ximo 15 de julio, la ciudad de Pamplona y sus carreteras de acceso se convertir\u00e1n en un foco de actividad desaforada. Por eso, desde Coyote, queremos recordarte lo importante que es reforzar la seguridad estos d\u00edas.<\/p>\n<p>El a\u00f1o pasado, las fiestas de San Ferm\u00edn se cerraron con una <strong>afluencia de 1,4 millones<\/strong> de personas de todo el mundo, 90.000 m\u00e1s que el a\u00f1o anterior y menos de las estimadas para este a\u00f1o. Desde Coyote podemos asegurar que, estos d\u00edas, aumentar la precauci\u00f3n con uno de nuestros dispositivos ser\u00e1 de gran ayuda. Los sanfermines de 2015 acabaron con <strong>55 conductores denunciados<\/strong> por ir al volante bajo los efectos del alcohol o de las drogas, tres de ellos detenidos por presentar una tasa de alcohol tan elevada que la sanci\u00f3n pas\u00f3 a ser delito. Adem\u00e1s, se produjeron <strong>44 accidentes de tr\u00e1fico<\/strong> en los cuales hubo un herido grave y 11 leves.<\/p>\n<p>No queremos ser negativos ni tr\u00e1gicos. Los sanfermines de este 2016 se presentan como una oportunidad perfecta para pasar unos d\u00edas de j\u00fabilo y algarab\u00eda. Es cierto que es conveniente subir la alerta en la carretera, pero con una conducci\u00f3n responsable y un asistente como Coyote, te aseguramos una experiencia inolvidable.<\/p>\n<p>Os informamos, eso s\u00ed, de que la <strong>Jefatura Superior de Polic\u00eda de Navarra <\/strong>ha intensificado los controles en las carreteras. En lo que va de a\u00f1o, la Polic\u00eda Municipal de Pamplona ha intervenido m\u00e1s de <strong>3 millones de veh\u00edculos en controles<\/strong>, pero para estos d\u00edas se instalar\u00e1n 200 controles m\u00e1s en las principales v\u00edas de acceso a la ciudad. \u00c9stas ser\u00e1n: las avenidas del Ej\u00e9rcito, de Navarra, de Zaragoza, de Guip\u00fazcoa, de Ar\u00f3stegui, de P\u00edo XII; la Cuesta de Beloso, la carretera de Badost\u00e1in y la calle Monte Monjard\u00edn.<\/p>\n<p><a href=\"https:\/\/www.mycoyote.es\/blog\/wp-content\/uploads\/2016\/07\/control-policia.jpg\"><img loading=\"lazy\" decoding=\"async\" class=\"alignnone wp-image-738 size-full\" src=\"https:\/\/www.mycoyote.es\/blog\/wp-content\/uploads\/2016\/07\/control-policia.jpg\" alt=\"seguridad con Coyote\" width=\"1752\" height=\"1314\" srcset=\"https:\/\/medias.coyotesystems.com\/wordpress\/sites\/18\/2016\/07\/control-policia.jpg 1752w, https:\/\/medias.coyotesystems.com\/wordpress\/sites\/18\/2016\/07\/control-policia-300x225.jpg 300w, https:\/\/medias.coyotesystems.com\/wordpress\/sites\/18\/2016\/07\/control-policia-1024x768.jpg 1024w, https:\/\/medias.coyotesystems.com\/wordpress\/sites\/18\/2016\/07\/control-policia-768x576.jpg 768w, https:\/\/medias.coyotesystems.com\/wordpress\/sites\/18\/2016\/07\/control-policia-1536x1152.jpg 1536w, https:\/\/medias.coyotesystems.com\/wordpress\/sites\/18\/2016\/07\/control-policia-1568x1176.jpg 1568w\" sizes=\"auto, (max-width: 1752px) 100vw, 1752px\" \/><\/a><\/p>\n<p>La somnolencia, el exceso de velocidad, el aumento del tr\u00e1fico y la peligrosidad por el consumo de alcohol o drogas son los mayores enemigos de la carretera estos d\u00edas. Sin embargo, como publicamos en nuestro blog hace unos d\u00edas, las \u00faltimas <strong>novedades de nuestros Coyote Mini y Coyote S<\/strong> presentan mejoras como la <strong>Alerta Antisomnolencia<\/strong>, cuyo algoritmo hemos actualizado para mejorar la seguridad vial.<\/p>\n<p>\u00a1Feliz San Ferm\u00edn a toda la Comunidad Coyote! \u00a1Viva San Ferm\u00edn! \u00a1Gora San Ferm\u00edn!<\/p>\n","protected":false},"excerpt":{"rendered":"<p>El txupinazo de ayer, 6 de julio, fue el pistoletazo de salida a nueve d\u00edas de fiesta, alegr\u00eda, encierros, cantos [&hellip;]<\/p>\n","protected":false},"author":170,"featured_media":758,"comment_status":"open","ping_status":"closed","sticky":false,"template":"","format":"standard","meta":{"_acf_changed":false,"footnotes":""},"categories":[2],"tags":[],"class_list":["post-737","post","type-post","status-publish","format-standard","has-post-thumbnail","hentry","category-comunidad-coyote"],"acf":[],"yoast_head":"<!-- This site is optimized with the Yoast SEO plugin v25.9 - https:\/\/yoast.com\/wordpress\/plugins\/seo\/ -->\n<title>En San Ferm\u00edn, refuerza la seguridad con Coyote - Blog Coyote<\/title>\n<meta name=\"description\" content=\"Seguridad con Coyote El txupinazo de ayer, fue el pistoletazo de salida a nueve d\u00edas de fiesta, alegr\u00eda, encierros, cantos a San Ferm\u00edn.\" \/>\n<meta name=\"robots\" content=\"index, follow, max-snippet:-1, max-image-preview:large, max-video-preview:-1\" \/>\n<link rel=\"canonical\" href=\"https:\/\/www.mycoyote.es\/blog\/comunidad-coyote\/en-san-fermin-refuerza-la-seguridad-con-coyote\/\" \/>\n<meta property=\"og:locale\" content=\"es_ES\" \/>\n<meta property=\"og:type\" content=\"article\" \/>\n<meta property=\"og:title\" content=\"En San Ferm\u00edn, refuerza la seguridad con Coyote - Blog Coyote\" \/>\n<meta property=\"og:description\" content=\"Seguridad con Coyote El txupinazo de ayer, fue el pistoletazo de salida a nueve d\u00edas de fiesta, alegr\u00eda, encierros, cantos a San Ferm\u00edn.\" \/>\n<meta property=\"og:url\" content=\"https:\/\/www.mycoyote.es\/blog\/comunidad-coyote\/en-san-fermin-refuerza-la-seguridad-con-coyote\/\" \/>\n<meta property=\"og:site_name\" content=\"El Blog Coyote\" \/>\n<meta property=\"article:publisher\" content=\"https:\/\/www.facebook.com\/MyCoyote\/\" \/>\n<meta property=\"article:published_time\" content=\"2016-07-07T07:10:39+00:00\" \/>\n<meta property=\"article:modified_time\" content=\"2025-05-16T12:20:06+00:00\" \/>\n<meta property=\"og:image\" content=\"https:\/\/medias.coyotesystems.com\/wordpress\/sites\/18\/2016\/07\/alerta-SANFERMIN-coyote.jpg\" \/>\n\t<meta property=\"og:image:width\" content=\"705\" \/>\n\t<meta property=\"og:image:height\" content=\"591\" \/>\n\t<meta property=\"og:image:type\" content=\"image\/jpeg\" \/>\n<meta name=\"author\" content=\"Coyote Espa\u00f1a\" \/>\n<meta name=\"twitter:card\" content=\"summary_large_image\" \/>\n<meta name=\"twitter:creator\" content=\"@Coyote_ES\" \/>\n<meta name=\"twitter:site\" content=\"@Coyote_ES\" \/>\n<meta name=\"twitter:label1\" content=\"Written by\" \/>\n\t<meta name=\"twitter:data1\" content=\"Coyote Espa\u00f1a\" \/>\n\t<meta name=\"twitter:label2\" content=\"Est. reading time\" \/>\n\t<meta name=\"twitter:data2\" content=\"3 minutos\" \/>\n<script type=\"application\/ld+json\" class=\"yoast-schema-graph\">{\"@context\":\"https:\/\/schema.org\",\"@graph\":[{\"@type\":\"Article\",\"@id\":\"https:\/\/www.mycoyote.es\/blog\/comunidad-coyote\/en-san-fermin-refuerza-la-seguridad-con-coyote\/#article\",\"isPartOf\":{\"@id\":\"https:\/\/www.mycoyote.es\/blog\/comunidad-coyote\/en-san-fermin-refuerza-la-seguridad-con-coyote\/\"},\"author\":{\"name\":\"Coyote Espa\u00f1a\",\"@id\":\"https:\/\/www.mycoyote.es\/blog\/#\/schema\/person\/32b548521f0271716793ec87d850bfe9\"},\"headline\":\"En San Ferm\u00edn, refuerza la seguridad con Coyote\",\"datePublished\":\"2016-07-07T07:10:39+00:00\",\"dateModified\":\"2025-05-16T12:20:06+00:00\",\"mainEntityOfPage\":{\"@id\":\"https:\/\/www.mycoyote.es\/blog\/comunidad-coyote\/en-san-fermin-refuerza-la-seguridad-con-coyote\/\"},\"wordCount\":437,\"commentCount\":0,\"publisher\":{\"@id\":\"https:\/\/www.mycoyote.es\/blog\/#organization\"},\"image\":{\"@id\":\"https:\/\/www.mycoyote.es\/blog\/comunidad-coyote\/en-san-fermin-refuerza-la-seguridad-con-coyote\/#primaryimage\"},\"thumbnailUrl\":\"https:\/\/medias.coyotesystems.com\/wordpress\/sites\/18\/2016\/07\/alerta-SANFERMIN-coyote.jpg\",\"articleSection\":[\"Comunidad\"],\"inLanguage\":\"es\",\"potentialAction\":[{\"@type\":\"CommentAction\",\"name\":\"Comment\",\"target\":[\"https:\/\/www.mycoyote.es\/blog\/comunidad-coyote\/en-san-fermin-refuerza-la-seguridad-con-coyote\/#respond\"]}]},{\"@type\":\"WebPage\",\"@id\":\"https:\/\/www.mycoyote.es\/blog\/comunidad-coyote\/en-san-fermin-refuerza-la-seguridad-con-coyote\/\",\"url\":\"https:\/\/www.mycoyote.es\/blog\/comunidad-coyote\/en-san-fermin-refuerza-la-seguridad-con-coyote\/\",\"name\":\"En San Ferm\u00edn, refuerza la seguridad con Coyote - Blog Coyote\",\"isPartOf\":{\"@id\":\"https:\/\/www.mycoyote.es\/blog\/#website\"},\"primaryImageOfPage\":{\"@id\":\"https:\/\/www.mycoyote.es\/blog\/comunidad-coyote\/en-san-fermin-refuerza-la-seguridad-con-coyote\/#primaryimage\"},\"image\":{\"@id\":\"https:\/\/www.mycoyote.es\/blog\/comunidad-coyote\/en-san-fermin-refuerza-la-seguridad-con-coyote\/#primaryimage\"},\"thumbnailUrl\":\"https:\/\/medias.coyotesystems.com\/wordpress\/sites\/18\/2016\/07\/alerta-SANFERMIN-coyote.jpg\",\"datePublished\":\"2016-07-07T07:10:39+00:00\",\"dateModified\":\"2025-05-16T12:20:06+00:00\",\"description\":\"Seguridad con Coyote El txupinazo de ayer, fue el pistoletazo de salida a nueve d\u00edas de fiesta, alegr\u00eda, encierros, cantos a San Ferm\u00edn.\",\"breadcrumb\":{\"@id\":\"https:\/\/www.mycoyote.es\/blog\/comunidad-coyote\/en-san-fermin-refuerza-la-seguridad-con-coyote\/#breadcrumb\"},\"inLanguage\":\"es\",\"potentialAction\":[{\"@type\":\"ReadAction\",\"target\":[\"https:\/\/www.mycoyote.es\/blog\/comunidad-coyote\/en-san-fermin-refuerza-la-seguridad-con-coyote\/\"]}]},{\"@type\":\"ImageObject\",\"inLanguage\":\"es\",\"@id\":\"https:\/\/www.mycoyote.es\/blog\/comunidad-coyote\/en-san-fermin-refuerza-la-seguridad-con-coyote\/#primaryimage\",\"url\":\"https:\/\/medias.coyotesystems.com\/wordpress\/sites\/18\/2016\/07\/alerta-SANFERMIN-coyote.jpg\",\"contentUrl\":\"https:\/\/medias.coyotesystems.com\/wordpress\/sites\/18\/2016\/07\/alerta-SANFERMIN-coyote.jpg\",\"width\":705,\"height\":591},{\"@type\":\"BreadcrumbList\",\"@id\":\"https:\/\/www.mycoyote.es\/blog\/comunidad-coyote\/en-san-fermin-refuerza-la-seguridad-con-coyote\/#breadcrumb\",\"itemListElement\":[{\"@type\":\"ListItem\",\"position\":1,\"name\":\"Home\",\"item\":\"https:\/\/www.mycoyote.es\/blog\/\"},{\"@type\":\"ListItem\",\"position\":2,\"name\":\"Comunidad\",\"item\":\"https:\/\/www.mycoyote.es\/blog\/comunidad-coyote\/\"},{\"@type\":\"ListItem\",\"position\":3,\"name\":\"En San Ferm\u00edn, refuerza la seguridad con Coyote\"}]},{\"@type\":\"WebSite\",\"@id\":\"https:\/\/www.mycoyote.es\/blog\/#website\",\"url\":\"https:\/\/www.mycoyote.es\/blog\/\",\"name\":\"El Blog Coyote\",\"description\":\"\",\"publisher\":{\"@id\":\"https:\/\/www.mycoyote.es\/blog\/#organization\"},\"potentialAction\":[{\"@type\":\"SearchAction\",\"target\":{\"@type\":\"EntryPoint\",\"urlTemplate\":\"https:\/\/www.mycoyote.es\/blog\/?s={search_term_string}\"},\"query-input\":{\"@type\":\"PropertyValueSpecification\",\"valueRequired\":true,\"valueName\":\"search_term_string\"}}],\"inLanguage\":\"es\"},{\"@type\":\"Organization\",\"@id\":\"https:\/\/www.mycoyote.es\/blog\/#organization\",\"name\":\"Coyote\",\"url\":\"https:\/\/www.mycoyote.es\/blog\/\",\"logo\":{\"@type\":\"ImageObject\",\"inLanguage\":\"es\",\"@id\":\"https:\/\/www.mycoyote.es\/blog\/#\/schema\/logo\/image\/\",\"url\":\"https:\/\/medias.coyotesystems.com\/wordpress\/sites\/18\/2024\/02\/Logo-Coyote-1.png\",\"contentUrl\":\"https:\/\/medias.coyotesystems.com\/wordpress\/sites\/18\/2024\/02\/Logo-Coyote-1.png\",\"width\":842,\"height\":263,\"caption\":\"Coyote\"},\"image\":{\"@id\":\"https:\/\/www.mycoyote.es\/blog\/#\/schema\/logo\/image\/\"},\"sameAs\":[\"https:\/\/www.facebook.com\/MyCoyote\/\",\"https:\/\/x.com\/Coyote_ES\",\"https:\/\/www.instagram.com\/coyote_es\/\",\"https:\/\/www.youtube.com\/user\/CoyoteEspana\"]},{\"@type\":\"Person\",\"@id\":\"https:\/\/www.mycoyote.es\/blog\/#\/schema\/person\/32b548521f0271716793ec87d850bfe9\",\"name\":\"Coyote Espa\u00f1a\",\"image\":{\"@type\":\"ImageObject\",\"inLanguage\":\"es\",\"@id\":\"https:\/\/www.mycoyote.es\/blog\/#\/schema\/person\/image\/\",\"url\":\"https:\/\/secure.gravatar.com\/avatar\/2d671b121706f48e74f5a1baf2f7300ee6dd7ddad4dc010133aed84f24ccd790?s=96&d=mm&r=g\",\"contentUrl\":\"https:\/\/secure.gravatar.com\/avatar\/2d671b121706f48e74f5a1baf2f7300ee6dd7ddad4dc010133aed84f24ccd790?s=96&d=mm&r=g\",\"caption\":\"Coyote Espa\u00f1a\"}}]}<\/script>\n<!-- \/ Yoast SEO plugin. -->","yoast_head_json":{"title":"En San Ferm\u00edn, refuerza la seguridad con Coyote - Blog Coyote","description":"Seguridad con Coyote El txupinazo de ayer, fue el pistoletazo de salida a nueve d\u00edas de fiesta, alegr\u00eda, encierros, cantos a San Ferm\u00edn.","robots":{"index":"index","follow":"follow","max-snippet":"max-snippet:-1","max-image-preview":"max-image-preview:large","max-video-preview":"max-video-preview:-1"},"canonical":"https:\/\/www.mycoyote.es\/blog\/comunidad-coyote\/en-san-fermin-refuerza-la-seguridad-con-coyote\/","og_locale":"es_ES","og_type":"article","og_title":"En San Ferm\u00edn, refuerza la seguridad con Coyote - Blog Coyote","og_description":"Seguridad con Coyote El txupinazo de ayer, fue el pistoletazo de salida a nueve d\u00edas de fiesta, alegr\u00eda, encierros, cantos a San Ferm\u00edn.","og_url":"https:\/\/www.mycoyote.es\/blog\/comunidad-coyote\/en-san-fermin-refuerza-la-seguridad-con-coyote\/","og_site_name":"El Blog Coyote","article_publisher":"https:\/\/www.facebook.com\/MyCoyote\/","article_published_time":"2016-07-07T07:10:39+00:00","article_modified_time":"2025-05-16T12:20:06+00:00","og_image":[{"width":705,"height":591,"url":"https:\/\/medias.coyotesystems.com\/wordpress\/sites\/18\/2016\/07\/alerta-SANFERMIN-coyote.jpg","type":"image\/jpeg"}],"author":"Coyote Espa\u00f1a","twitter_card":"summary_large_image","twitter_creator":"@Coyote_ES","twitter_site":"@Coyote_ES","twitter_misc":{"Written by":"Coyote Espa\u00f1a","Est. reading time":"3 minutos"},"schema":{"@context":"https:\/\/schema.org","@graph":[{"@type":"Article","@id":"https:\/\/www.mycoyote.es\/blog\/comunidad-coyote\/en-san-fermin-refuerza-la-seguridad-con-coyote\/#article","isPartOf":{"@id":"https:\/\/www.mycoyote.es\/blog\/comunidad-coyote\/en-san-fermin-refuerza-la-seguridad-con-coyote\/"},"author":{"name":"Coyote Espa\u00f1a","@id":"https:\/\/www.mycoyote.es\/blog\/#\/schema\/person\/32b548521f0271716793ec87d850bfe9"},"headline":"En San Ferm\u00edn, refuerza la seguridad con Coyote","datePublished":"2016-07-07T07:10:39+00:00","dateModified":"2025-05-16T12:20:06+00:00","mainEntityOfPage":{"@id":"https:\/\/www.mycoyote.es\/blog\/comunidad-coyote\/en-san-fermin-refuerza-la-seguridad-con-coyote\/"},"wordCount":437,"commentCount":0,"publisher":{"@id":"https:\/\/www.mycoyote.es\/blog\/#organization"},"image":{"@id":"https:\/\/www.mycoyote.es\/blog\/comunidad-coyote\/en-san-fermin-refuerza-la-seguridad-con-coyote\/#primaryimage"},"thumbnailUrl":"https:\/\/medias.coyotesystems.com\/wordpress\/sites\/18\/2016\/07\/alerta-SANFERMIN-coyote.jpg","articleSection":["Comunidad"],"inLanguage":"es","potentialAction":[{"@type":"CommentAction","name":"Comment","target":["https:\/\/www.mycoyote.es\/blog\/comunidad-coyote\/en-san-fermin-refuerza-la-seguridad-con-coyote\/#respond"]}]},{"@type":"WebPage","@id":"https:\/\/www.mycoyote.es\/blog\/comunidad-coyote\/en-san-fermin-refuerza-la-seguridad-con-coyote\/","url":"https:\/\/www.mycoyote.es\/blog\/comunidad-coyote\/en-san-fermin-refuerza-la-seguridad-con-coyote\/","name":"En San Ferm\u00edn, refuerza la seguridad con Coyote - Blog Coyote","isPartOf":{"@id":"https:\/\/www.mycoyote.es\/blog\/#website"},"primaryImageOfPage":{"@id":"https:\/\/www.mycoyote.es\/blog\/comunidad-coyote\/en-san-fermin-refuerza-la-seguridad-con-coyote\/#primaryimage"},"image":{"@id":"https:\/\/www.mycoyote.es\/blog\/comunidad-coyote\/en-san-fermin-refuerza-la-seguridad-con-coyote\/#primaryimage"},"thumbnailUrl":"https:\/\/medias.coyotesystems.com\/wordpress\/sites\/18\/2016\/07\/alerta-SANFERMIN-coyote.jpg","datePublished":"2016-07-07T07:10:39+00:00","dateModified":"2025-05-16T12:20:06+00:00","description":"Seguridad con Coyote El txupinazo de ayer, fue el pistoletazo de salida a nueve d\u00edas de fiesta, alegr\u00eda, encierros, cantos a San Ferm\u00edn.","breadcrumb":{"@id":"https:\/\/www.mycoyote.es\/blog\/comunidad-coyote\/en-san-fermin-refuerza-la-seguridad-con-coyote\/#breadcrumb"},"inLanguage":"es","potentialAction":[{"@type":"ReadAction","target":["https:\/\/www.mycoyote.es\/blog\/comunidad-coyote\/en-san-fermin-refuerza-la-seguridad-con-coyote\/"]}]},{"@type":"ImageObject","inLanguage":"es","@id":"https:\/\/www.mycoyote.es\/blog\/comunidad-coyote\/en-san-fermin-refuerza-la-seguridad-con-coyote\/#primaryimage","url":"https:\/\/medias.coyotesystems.com\/wordpress\/sites\/18\/2016\/07\/alerta-SANFERMIN-coyote.jpg","contentUrl":"https:\/\/medias.coyotesystems.com\/wordpress\/sites\/18\/2016\/07\/alerta-SANFERMIN-coyote.jpg","width":705,"height":591},{"@type":"BreadcrumbList","@id":"https:\/\/www.mycoyote.es\/blog\/comunidad-coyote\/en-san-fermin-refuerza-la-seguridad-con-coyote\/#breadcrumb","itemListElement":[{"@type":"ListItem","position":1,"name":"Home","item":"https:\/\/www.mycoyote.es\/blog\/"},{"@type":"ListItem","position":2,"name":"Comunidad","item":"https:\/\/www.mycoyote.es\/blog\/comunidad-coyote\/"},{"@type":"ListItem","position":3,"name":"En San Ferm\u00edn, refuerza la seguridad con Coyote"}]},{"@type":"WebSite","@id":"https:\/\/www.mycoyote.es\/blog\/#website","url":"https:\/\/www.mycoyote.es\/blog\/","name":"El Blog Coyote","description":"","publisher":{"@id":"https:\/\/www.mycoyote.es\/blog\/#organization"},"potentialAction":[{"@type":"SearchAction","target":{"@type":"EntryPoint","urlTemplate":"https:\/\/www.mycoyote.es\/blog\/?s={search_term_string}"},"query-input":{"@type":"PropertyValueSpecification","valueRequired":true,"valueName":"search_term_string"}}],"inLanguage":"es"},{"@type":"Organization","@id":"https:\/\/www.mycoyote.es\/blog\/#organization","name":"Coyote","url":"https:\/\/www.mycoyote.es\/blog\/","logo":{"@type":"ImageObject","inLanguage":"es","@id":"https:\/\/www.mycoyote.es\/blog\/#\/schema\/logo\/image\/","url":"https:\/\/medias.coyotesystems.com\/wordpress\/sites\/18\/2024\/02\/Logo-Coyote-1.png","contentUrl":"https:\/\/medias.coyotesystems.com\/wordpress\/sites\/18\/2024\/02\/Logo-Coyote-1.png","width":842,"height":263,"caption":"Coyote"},"image":{"@id":"https:\/\/www.mycoyote.es\/blog\/#\/schema\/logo\/image\/"},"sameAs":["https:\/\/www.facebook.com\/MyCoyote\/","https:\/\/x.com\/Coyote_ES","https:\/\/www.instagram.com\/coyote_es\/","https:\/\/www.youtube.com\/user\/CoyoteEspana"]},{"@type":"Person","@id":"https:\/\/www.mycoyote.es\/blog\/#\/schema\/person\/32b548521f0271716793ec87d850bfe9","name":"Coyote Espa\u00f1a","image":{"@type":"ImageObject","inLanguage":"es","@id":"https:\/\/www.mycoyote.es\/blog\/#\/schema\/person\/image\/","url":"https:\/\/secure.gravatar.com\/avatar\/2d671b121706f48e74f5a1baf2f7300ee6dd7ddad4dc010133aed84f24ccd790?s=96&d=mm&r=g","contentUrl":"https:\/\/secure.gravatar.com\/avatar\/2d671b121706f48e74f5a1baf2f7300ee6dd7ddad4dc010133aed84f24ccd790?s=96&d=mm&r=g","caption":"Coyote Espa\u00f1a"}}]}},"_links":{"self":[{"href":"https:\/\/www.mycoyote.es\/blog\/wp-json\/wp\/v2\/posts\/737","targetHints":{"allow":["GET"]}}],"collection":[{"href":"https:\/\/www.mycoyote.es\/blog\/wp-json\/wp\/v2\/posts"}],"about":[{"href":"https:\/\/www.mycoyote.es\/blog\/wp-json\/wp\/v2\/types\/post"}],"author":[{"embeddable":true,"href":"https:\/\/www.mycoyote.es\/blog\/wp-json\/wp\/v2\/users\/170"}],"replies":[{"embeddable":true,"href":"https:\/\/www.mycoyote.es\/blog\/wp-json\/wp\/v2\/comments?post=737"}],"version-history":[{"count":1,"href":"https:\/\/www.mycoyote.es\/blog\/wp-json\/wp\/v2\/posts\/737\/revisions"}],"predecessor-version":[{"id":9299,"href":"https:\/\/www.mycoyote.es\/blog\/wp-json\/wp\/v2\/posts\/737\/revisions\/9299"}],"wp:featuredmedia":[{"embeddable":true,"href":"https:\/\/www.mycoyote.es\/blog\/wp-json\/wp\/v2\/media\/758"}],"wp:attachment":[{"href":"https:\/\/www.mycoyote.es\/blog\/wp-json\/wp\/v2\/media?parent=737"}],"wp:term":[{"taxonomy":"category","embeddable":true,"href":"https:\/\/www.mycoyote.es\/blog\/wp-json\/wp\/v2\/categories?post=737"},{"taxonomy":"post_tag","embeddable":true,"href":"https:\/\/www.mycoyote.es\/blog\/wp-json\/wp\/v2\/tags?post=737"}],"curies":[{"name":"wp","href":"https:\/\/api.w.org\/{rel}","templated":true}]}}