{"id":625,"date":"2016-05-06T13:55:15","date_gmt":"2016-05-06T12:55:15","guid":{"rendered":"https:\/\/www.mycoyote.es\/blog\/?p=625"},"modified":"2025-05-16T14:13:42","modified_gmt":"2025-05-16T12:13:42","slug":"palabra-de-coyote-entrevistamos-a-clemente-uno-de-los-coyotes-que-vela-por-la-comunidad","status":"publish","type":"post","link":"https:\/\/www.mycoyote.es\/blog\/comunidad-coyote\/palabra-de-coyote-entrevistamos-a-clemente-uno-de-los-coyotes-que-vela-por-la-comunidad\/","title":{"rendered":"PALABRA DE COYOTE: ENTREVISTAMOS A CLEMENTE, UNO DE LOS COYOTES QUE VELA POR LA COMUNIDAD."},"content":{"rendered":"<p>&nbsp;<\/p>\n<p>Clemente nos cuenta su experiencia como miembro activo de la comunidad Coyote y usuario de la aplicaci\u00f3n avisador de radares para m\u00f3vil iCoyote.<\/p>\n<p>Naci\u00f3 el d\u00eda 1 de Diciembre de 1949 en Segovia. A los 17 a\u00f1os se fue de su tierra para poder trabajar instalando antenas en Madrid, tras un inciso, para realizar el servicio militar obligatorio, se dedic\u00f3 a trabajar como comercial de una empresa de electr\u00f3nica durante 35 a\u00f1os, hasta los 61. Hace 5 a\u00f1os que se ha jubilado y vela por la comunidad.<\/p>\n<p>&nbsp;<\/p>\n<ul>\n<li>\u00a0\u00a0 <strong>\u00bf<\/strong><strong>Cu\u00e1nto tiempo hace que formas parte de la comunidad Coyote?<\/strong><\/li>\n<\/ul>\n<p>&nbsp;<\/p>\n<p>Aproximadamente cuatro a\u00f1os, desde que me baje la aplicaci\u00f3n en el m\u00f3vil.<\/p>\n<p>&nbsp;<\/p>\n<ul>\n<li>\u00a0 \u00a0<strong> \u00bf<\/strong><strong>Por qu\u00e9 te decidiste a adquirir un avisador de radares para m\u00f3vil?<\/strong><\/li>\n<\/ul>\n<p>&nbsp;<\/p>\n<p>Por la ayuda que me facilita para detectar los radares fijos y la informaci\u00f3n que se recibe en tiempo real sobre donde est\u00e1n los m\u00f3viles, por la colaboraci\u00f3n de la comunidad Coyote, en la que yo colaboro tanto para informar de donde est\u00e1n los m\u00f3viles como para finalizar la presencia de los mismos en el tramo marcado y tambi\u00e9n para informar de los problemas de circulaci\u00f3n que puedo encontrar por la v\u00eda en la que yo tr\u00e1nsito.<\/p>\n<p>&nbsp;<\/p>\n<ul>\n<li>\u00a0 \u00a0<strong>\u00bf<\/strong><strong>Qu\u00e9 beneficios te aporta iCoyote?<\/strong> <strong>\u00bfAlguna ocasi\u00f3n en la que el avisador de radares m\u00f3vil iCoyote te haya solucionado alg\u00fan problema? <\/strong><\/li>\n<\/ul>\n<p>&nbsp;<\/p>\n<p>A habido varias\u00a0en las que me he librado del radar m\u00f3vil y tambi\u00e9n de atascos por problemas de aver\u00edas de alg\u00fan autom\u00f3vil.<\/p>\n<p>&nbsp;<\/p>\n<ul>\n<li>\u00a0 \u00a0 <strong>\u00bf<\/strong><strong>Cu\u00e1l es la caracter\u00edstica que consideras m\u00e1s \u00fatil?<\/strong><\/li>\n<\/ul>\n<p>&nbsp;<\/p>\n<p>La detecci\u00f3n de los radares fijos y los m\u00f3viles y tambi\u00e9n que te vaya marcando la velocidad a la que se puede circular por la v\u00eda que vaya.<\/p>\n<p>&nbsp;<\/p>\n<ul>\n<li><strong>\u00bfCu\u00e1ntos kil\u00f3metros haces mensualmente?<\/strong><\/li>\n<\/ul>\n<p>&nbsp;<\/p>\n<p>M\u00e1s o menos 1.500 kil\u00f3metros, si no salgo de viaje fuera de la Comunidad de Madrid.<\/p>\n<p>&nbsp;<\/p>\n<ul>\n<li>\u00a0 \u00a0 <strong>\u00bf<\/strong><strong>Podr\u00edas volver a conducir sin tu Coyote?<\/strong><\/li>\n<\/ul>\n<p>&nbsp;<\/p>\n<p>Cuando no tengo activado por no haber pagado la cuota no me siento tan seguro, sobre todo por las v\u00edas que no transito habitualmente.<\/p>\n<p>&nbsp;<\/p>\n<ul>\n<li>\u00a0 \u00a0 <strong>\u00bf<\/strong><strong>Lo recomiendas a tus amigos y familiares?<\/strong><\/li>\n<\/ul>\n<p>&nbsp;<\/p>\n<p>Lo llevo recomendando desde el principio y sigo haci\u00e9ndolo.<\/p>\n<p>&nbsp;<\/p>\n<p>Agradecemos a Clemente sus servicios a la comunidad y esperamos verle pronto en el Sal\u00f3n del Autom\u00f3vil de Madrid 2016. Recordad que pod\u00e9is participar en el sorteo de entradas y de suscripciones gratuitas a la aplicaci\u00f3n avisador de radar para tel\u00e9fonos m\u00f3viles iCoyote en la p\u00e1gina Facebook de Coyote.<\/p>\n<p>&nbsp;<\/p>\n","protected":false},"excerpt":{"rendered":"<p>&nbsp; Clemente nos cuenta su experiencia como miembro activo de la comunidad Coyote y usuario de la aplicaci\u00f3n avisador de [&hellip;]<\/p>\n","protected":false},"author":170,"featured_media":626,"comment_status":"open","ping_status":"closed","sticky":false,"template":"","format":"standard","meta":{"_acf_changed":false,"footnotes":""},"categories":[2],"tags":[],"class_list":["post-625","post","type-post","status-publish","format-standard","has-post-thumbnail","hentry","category-comunidad-coyote"],"acf":[],"yoast_head":"<!-- This site is optimized with the Yoast SEO plugin v25.9 - https:\/\/yoast.com\/wordpress\/plugins\/seo\/ -->\n<title>Palabra de Coyote por la comunidad - Blog Coyote<\/title>\n<meta name=\"description\" content=\"Clemente nos cuenta su experiencia como miembro activo de la Coyote comunidad y usuario de la aplicaci\u00f3n avisador de radares para m\u00f3vil iCoyote.\" \/>\n<meta name=\"robots\" content=\"index, follow, max-snippet:-1, max-image-preview:large, max-video-preview:-1\" \/>\n<link rel=\"canonical\" href=\"https:\/\/www.mycoyote.es\/blog\/comunidad-coyote\/palabra-de-coyote-entrevistamos-a-clemente-uno-de-los-coyotes-que-vela-por-la-comunidad\/\" \/>\n<meta property=\"og:locale\" content=\"es_ES\" \/>\n<meta property=\"og:type\" content=\"article\" \/>\n<meta property=\"og:title\" content=\"Palabra de Coyote por la comunidad - Blog Coyote\" \/>\n<meta property=\"og:description\" content=\"Clemente nos cuenta su experiencia como miembro activo de la Coyote comunidad y usuario de la aplicaci\u00f3n avisador de radares para m\u00f3vil iCoyote.\" \/>\n<meta property=\"og:url\" content=\"https:\/\/www.mycoyote.es\/blog\/comunidad-coyote\/palabra-de-coyote-entrevistamos-a-clemente-uno-de-los-coyotes-que-vela-por-la-comunidad\/\" \/>\n<meta property=\"og:site_name\" content=\"El Blog Coyote\" \/>\n<meta property=\"article:publisher\" content=\"https:\/\/www.facebook.com\/MyCoyote\/\" \/>\n<meta property=\"article:published_time\" content=\"2016-05-06T12:55:15+00:00\" \/>\n<meta property=\"article:modified_time\" content=\"2025-05-16T12:13:42+00:00\" \/>\n<meta name=\"author\" content=\"Coyote Espa\u00f1a\" \/>\n<meta name=\"twitter:card\" content=\"summary_large_image\" \/>\n<meta name=\"twitter:creator\" content=\"@Coyote_ES\" \/>\n<meta name=\"twitter:site\" content=\"@Coyote_ES\" \/>\n<meta name=\"twitter:label1\" content=\"Written by\" \/>\n\t<meta name=\"twitter:data1\" content=\"Coyote Espa\u00f1a\" \/>\n\t<meta name=\"twitter:label2\" content=\"Est. reading time\" \/>\n\t<meta name=\"twitter:data2\" content=\"2 minutos\" \/>\n<script type=\"application\/ld+json\" class=\"yoast-schema-graph\">{\"@context\":\"https:\/\/schema.org\",\"@graph\":[{\"@type\":\"Article\",\"@id\":\"https:\/\/www.mycoyote.es\/blog\/comunidad-coyote\/palabra-de-coyote-entrevistamos-a-clemente-uno-de-los-coyotes-que-vela-por-la-comunidad\/#article\",\"isPartOf\":{\"@id\":\"https:\/\/www.mycoyote.es\/blog\/comunidad-coyote\/palabra-de-coyote-entrevistamos-a-clemente-uno-de-los-coyotes-que-vela-por-la-comunidad\/\"},\"author\":{\"name\":\"Coyote Espa\u00f1a\",\"@id\":\"https:\/\/www.mycoyote.es\/blog\/#\/schema\/person\/32b548521f0271716793ec87d850bfe9\"},\"headline\":\"PALABRA DE COYOTE: ENTREVISTAMOS A CLEMENTE, UNO DE LOS COYOTES QUE VELA POR LA COMUNIDAD.\",\"datePublished\":\"2016-05-06T12:55:15+00:00\",\"dateModified\":\"2025-05-16T12:13:42+00:00\",\"mainEntityOfPage\":{\"@id\":\"https:\/\/www.mycoyote.es\/blog\/comunidad-coyote\/palabra-de-coyote-entrevistamos-a-clemente-uno-de-los-coyotes-que-vela-por-la-comunidad\/\"},\"wordCount\":469,\"commentCount\":0,\"publisher\":{\"@id\":\"https:\/\/www.mycoyote.es\/blog\/#organization\"},\"image\":{\"@id\":\"https:\/\/www.mycoyote.es\/blog\/comunidad-coyote\/palabra-de-coyote-entrevistamos-a-clemente-uno-de-los-coyotes-que-vela-por-la-comunidad\/#primaryimage\"},\"thumbnailUrl\":\"\",\"articleSection\":[\"Comunidad\"],\"inLanguage\":\"es\",\"potentialAction\":[{\"@type\":\"CommentAction\",\"name\":\"Comment\",\"target\":[\"https:\/\/www.mycoyote.es\/blog\/comunidad-coyote\/palabra-de-coyote-entrevistamos-a-clemente-uno-de-los-coyotes-que-vela-por-la-comunidad\/#respond\"]}]},{\"@type\":\"WebPage\",\"@id\":\"https:\/\/www.mycoyote.es\/blog\/comunidad-coyote\/palabra-de-coyote-entrevistamos-a-clemente-uno-de-los-coyotes-que-vela-por-la-comunidad\/\",\"url\":\"https:\/\/www.mycoyote.es\/blog\/comunidad-coyote\/palabra-de-coyote-entrevistamos-a-clemente-uno-de-los-coyotes-que-vela-por-la-comunidad\/\",\"name\":\"Palabra de Coyote por la comunidad - Blog Coyote\",\"isPartOf\":{\"@id\":\"https:\/\/www.mycoyote.es\/blog\/#website\"},\"primaryImageOfPage\":{\"@id\":\"https:\/\/www.mycoyote.es\/blog\/comunidad-coyote\/palabra-de-coyote-entrevistamos-a-clemente-uno-de-los-coyotes-que-vela-por-la-comunidad\/#primaryimage\"},\"image\":{\"@id\":\"https:\/\/www.mycoyote.es\/blog\/comunidad-coyote\/palabra-de-coyote-entrevistamos-a-clemente-uno-de-los-coyotes-que-vela-por-la-comunidad\/#primaryimage\"},\"thumbnailUrl\":\"\",\"datePublished\":\"2016-05-06T12:55:15+00:00\",\"dateModified\":\"2025-05-16T12:13:42+00:00\",\"description\":\"Clemente nos cuenta su experiencia como miembro activo de la Coyote comunidad y usuario de la aplicaci\u00f3n avisador de radares para m\u00f3vil iCoyote.\",\"breadcrumb\":{\"@id\":\"https:\/\/www.mycoyote.es\/blog\/comunidad-coyote\/palabra-de-coyote-entrevistamos-a-clemente-uno-de-los-coyotes-que-vela-por-la-comunidad\/#breadcrumb\"},\"inLanguage\":\"es\",\"potentialAction\":[{\"@type\":\"ReadAction\",\"target\":[\"https:\/\/www.mycoyote.es\/blog\/comunidad-coyote\/palabra-de-coyote-entrevistamos-a-clemente-uno-de-los-coyotes-que-vela-por-la-comunidad\/\"]}]},{\"@type\":\"ImageObject\",\"inLanguage\":\"es\",\"@id\":\"https:\/\/www.mycoyote.es\/blog\/comunidad-coyote\/palabra-de-coyote-entrevistamos-a-clemente-uno-de-los-coyotes-que-vela-por-la-comunidad\/#primaryimage\",\"url\":\"\",\"contentUrl\":\"\"},{\"@type\":\"BreadcrumbList\",\"@id\":\"https:\/\/www.mycoyote.es\/blog\/comunidad-coyote\/palabra-de-coyote-entrevistamos-a-clemente-uno-de-los-coyotes-que-vela-por-la-comunidad\/#breadcrumb\",\"itemListElement\":[{\"@type\":\"ListItem\",\"position\":1,\"name\":\"Home\",\"item\":\"https:\/\/www.mycoyote.es\/blog\/\"},{\"@type\":\"ListItem\",\"position\":2,\"name\":\"Comunidad\",\"item\":\"https:\/\/www.mycoyote.es\/blog\/comunidad-coyote\/\"},{\"@type\":\"ListItem\",\"position\":3,\"name\":\"PALABRA DE COYOTE: ENTREVISTAMOS A CLEMENTE, UNO DE LOS COYOTES QUE VELA POR LA COMUNIDAD.\"}]},{\"@type\":\"WebSite\",\"@id\":\"https:\/\/www.mycoyote.es\/blog\/#website\",\"url\":\"https:\/\/www.mycoyote.es\/blog\/\",\"name\":\"El Blog Coyote\",\"description\":\"\",\"publisher\":{\"@id\":\"https:\/\/www.mycoyote.es\/blog\/#organization\"},\"potentialAction\":[{\"@type\":\"SearchAction\",\"target\":{\"@type\":\"EntryPoint\",\"urlTemplate\":\"https:\/\/www.mycoyote.es\/blog\/?s={search_term_string}\"},\"query-input\":{\"@type\":\"PropertyValueSpecification\",\"valueRequired\":true,\"valueName\":\"search_term_string\"}}],\"inLanguage\":\"es\"},{\"@type\":\"Organization\",\"@id\":\"https:\/\/www.mycoyote.es\/blog\/#organization\",\"name\":\"Coyote\",\"url\":\"https:\/\/www.mycoyote.es\/blog\/\",\"logo\":{\"@type\":\"ImageObject\",\"inLanguage\":\"es\",\"@id\":\"https:\/\/www.mycoyote.es\/blog\/#\/schema\/logo\/image\/\",\"url\":\"https:\/\/medias.coyotesystems.com\/wordpress\/sites\/18\/2024\/02\/Logo-Coyote-1.png\",\"contentUrl\":\"https:\/\/medias.coyotesystems.com\/wordpress\/sites\/18\/2024\/02\/Logo-Coyote-1.png\",\"width\":842,\"height\":263,\"caption\":\"Coyote\"},\"image\":{\"@id\":\"https:\/\/www.mycoyote.es\/blog\/#\/schema\/logo\/image\/\"},\"sameAs\":[\"https:\/\/www.facebook.com\/MyCoyote\/\",\"https:\/\/x.com\/Coyote_ES\",\"https:\/\/www.instagram.com\/coyote_es\/\",\"https:\/\/www.youtube.com\/user\/CoyoteEspana\"]},{\"@type\":\"Person\",\"@id\":\"https:\/\/www.mycoyote.es\/blog\/#\/schema\/person\/32b548521f0271716793ec87d850bfe9\",\"name\":\"Coyote Espa\u00f1a\",\"image\":{\"@type\":\"ImageObject\",\"inLanguage\":\"es\",\"@id\":\"https:\/\/www.mycoyote.es\/blog\/#\/schema\/person\/image\/\",\"url\":\"https:\/\/secure.gravatar.com\/avatar\/2d671b121706f48e74f5a1baf2f7300ee6dd7ddad4dc010133aed84f24ccd790?s=96&d=mm&r=g\",\"contentUrl\":\"https:\/\/secure.gravatar.com\/avatar\/2d671b121706f48e74f5a1baf2f7300ee6dd7ddad4dc010133aed84f24ccd790?s=96&d=mm&r=g\",\"caption\":\"Coyote Espa\u00f1a\"}}]}<\/script>\n<!-- \/ Yoast SEO plugin. -->","yoast_head_json":{"title":"Palabra de Coyote por la comunidad - Blog Coyote","description":"Clemente nos cuenta su experiencia como miembro activo de la Coyote comunidad y usuario de la aplicaci\u00f3n avisador de radares para m\u00f3vil iCoyote.","robots":{"index":"index","follow":"follow","max-snippet":"max-snippet:-1","max-image-preview":"max-image-preview:large","max-video-preview":"max-video-preview:-1"},"canonical":"https:\/\/www.mycoyote.es\/blog\/comunidad-coyote\/palabra-de-coyote-entrevistamos-a-clemente-uno-de-los-coyotes-que-vela-por-la-comunidad\/","og_locale":"es_ES","og_type":"article","og_title":"Palabra de Coyote por la comunidad - Blog Coyote","og_description":"Clemente nos cuenta su experiencia como miembro activo de la Coyote comunidad y usuario de la aplicaci\u00f3n avisador de radares para m\u00f3vil iCoyote.","og_url":"https:\/\/www.mycoyote.es\/blog\/comunidad-coyote\/palabra-de-coyote-entrevistamos-a-clemente-uno-de-los-coyotes-que-vela-por-la-comunidad\/","og_site_name":"El Blog Coyote","article_publisher":"https:\/\/www.facebook.com\/MyCoyote\/","article_published_time":"2016-05-06T12:55:15+00:00","article_modified_time":"2025-05-16T12:13:42+00:00","author":"Coyote Espa\u00f1a","twitter_card":"summary_large_image","twitter_creator":"@Coyote_ES","twitter_site":"@Coyote_ES","twitter_misc":{"Written by":"Coyote Espa\u00f1a","Est. reading time":"2 minutos"},"schema":{"@context":"https:\/\/schema.org","@graph":[{"@type":"Article","@id":"https:\/\/www.mycoyote.es\/blog\/comunidad-coyote\/palabra-de-coyote-entrevistamos-a-clemente-uno-de-los-coyotes-que-vela-por-la-comunidad\/#article","isPartOf":{"@id":"https:\/\/www.mycoyote.es\/blog\/comunidad-coyote\/palabra-de-coyote-entrevistamos-a-clemente-uno-de-los-coyotes-que-vela-por-la-comunidad\/"},"author":{"name":"Coyote Espa\u00f1a","@id":"https:\/\/www.mycoyote.es\/blog\/#\/schema\/person\/32b548521f0271716793ec87d850bfe9"},"headline":"PALABRA DE COYOTE: ENTREVISTAMOS A CLEMENTE, UNO DE LOS COYOTES QUE VELA POR LA COMUNIDAD.","datePublished":"2016-05-06T12:55:15+00:00","dateModified":"2025-05-16T12:13:42+00:00","mainEntityOfPage":{"@id":"https:\/\/www.mycoyote.es\/blog\/comunidad-coyote\/palabra-de-coyote-entrevistamos-a-clemente-uno-de-los-coyotes-que-vela-por-la-comunidad\/"},"wordCount":469,"commentCount":0,"publisher":{"@id":"https:\/\/www.mycoyote.es\/blog\/#organization"},"image":{"@id":"https:\/\/www.mycoyote.es\/blog\/comunidad-coyote\/palabra-de-coyote-entrevistamos-a-clemente-uno-de-los-coyotes-que-vela-por-la-comunidad\/#primaryimage"},"thumbnailUrl":"","articleSection":["Comunidad"],"inLanguage":"es","potentialAction":[{"@type":"CommentAction","name":"Comment","target":["https:\/\/www.mycoyote.es\/blog\/comunidad-coyote\/palabra-de-coyote-entrevistamos-a-clemente-uno-de-los-coyotes-que-vela-por-la-comunidad\/#respond"]}]},{"@type":"WebPage","@id":"https:\/\/www.mycoyote.es\/blog\/comunidad-coyote\/palabra-de-coyote-entrevistamos-a-clemente-uno-de-los-coyotes-que-vela-por-la-comunidad\/","url":"https:\/\/www.mycoyote.es\/blog\/comunidad-coyote\/palabra-de-coyote-entrevistamos-a-clemente-uno-de-los-coyotes-que-vela-por-la-comunidad\/","name":"Palabra de Coyote por la comunidad - Blog Coyote","isPartOf":{"@id":"https:\/\/www.mycoyote.es\/blog\/#website"},"primaryImageOfPage":{"@id":"https:\/\/www.mycoyote.es\/blog\/comunidad-coyote\/palabra-de-coyote-entrevistamos-a-clemente-uno-de-los-coyotes-que-vela-por-la-comunidad\/#primaryimage"},"image":{"@id":"https:\/\/www.mycoyote.es\/blog\/comunidad-coyote\/palabra-de-coyote-entrevistamos-a-clemente-uno-de-los-coyotes-que-vela-por-la-comunidad\/#primaryimage"},"thumbnailUrl":"","datePublished":"2016-05-06T12:55:15+00:00","dateModified":"2025-05-16T12:13:42+00:00","description":"Clemente nos cuenta su experiencia como miembro activo de la Coyote comunidad y usuario de la aplicaci\u00f3n avisador de radares para m\u00f3vil iCoyote.","breadcrumb":{"@id":"https:\/\/www.mycoyote.es\/blog\/comunidad-coyote\/palabra-de-coyote-entrevistamos-a-clemente-uno-de-los-coyotes-que-vela-por-la-comunidad\/#breadcrumb"},"inLanguage":"es","potentialAction":[{"@type":"ReadAction","target":["https:\/\/www.mycoyote.es\/blog\/comunidad-coyote\/palabra-de-coyote-entrevistamos-a-clemente-uno-de-los-coyotes-que-vela-por-la-comunidad\/"]}]},{"@type":"ImageObject","inLanguage":"es","@id":"https:\/\/www.mycoyote.es\/blog\/comunidad-coyote\/palabra-de-coyote-entrevistamos-a-clemente-uno-de-los-coyotes-que-vela-por-la-comunidad\/#primaryimage","url":"","contentUrl":""},{"@type":"BreadcrumbList","@id":"https:\/\/www.mycoyote.es\/blog\/comunidad-coyote\/palabra-de-coyote-entrevistamos-a-clemente-uno-de-los-coyotes-que-vela-por-la-comunidad\/#breadcrumb","itemListElement":[{"@type":"ListItem","position":1,"name":"Home","item":"https:\/\/www.mycoyote.es\/blog\/"},{"@type":"ListItem","position":2,"name":"Comunidad","item":"https:\/\/www.mycoyote.es\/blog\/comunidad-coyote\/"},{"@type":"ListItem","position":3,"name":"PALABRA DE COYOTE: ENTREVISTAMOS A CLEMENTE, UNO DE LOS COYOTES QUE VELA POR LA COMUNIDAD."}]},{"@type":"WebSite","@id":"https:\/\/www.mycoyote.es\/blog\/#website","url":"https:\/\/www.mycoyote.es\/blog\/","name":"El Blog Coyote","description":"","publisher":{"@id":"https:\/\/www.mycoyote.es\/blog\/#organization"},"potentialAction":[{"@type":"SearchAction","target":{"@type":"EntryPoint","urlTemplate":"https:\/\/www.mycoyote.es\/blog\/?s={search_term_string}"},"query-input":{"@type":"PropertyValueSpecification","valueRequired":true,"valueName":"search_term_string"}}],"inLanguage":"es"},{"@type":"Organization","@id":"https:\/\/www.mycoyote.es\/blog\/#organization","name":"Coyote","url":"https:\/\/www.mycoyote.es\/blog\/","logo":{"@type":"ImageObject","inLanguage":"es","@id":"https:\/\/www.mycoyote.es\/blog\/#\/schema\/logo\/image\/","url":"https:\/\/medias.coyotesystems.com\/wordpress\/sites\/18\/2024\/02\/Logo-Coyote-1.png","contentUrl":"https:\/\/medias.coyotesystems.com\/wordpress\/sites\/18\/2024\/02\/Logo-Coyote-1.png","width":842,"height":263,"caption":"Coyote"},"image":{"@id":"https:\/\/www.mycoyote.es\/blog\/#\/schema\/logo\/image\/"},"sameAs":["https:\/\/www.facebook.com\/MyCoyote\/","https:\/\/x.com\/Coyote_ES","https:\/\/www.instagram.com\/coyote_es\/","https:\/\/www.youtube.com\/user\/CoyoteEspana"]},{"@type":"Person","@id":"https:\/\/www.mycoyote.es\/blog\/#\/schema\/person\/32b548521f0271716793ec87d850bfe9","name":"Coyote Espa\u00f1a","image":{"@type":"ImageObject","inLanguage":"es","@id":"https:\/\/www.mycoyote.es\/blog\/#\/schema\/person\/image\/","url":"https:\/\/secure.gravatar.com\/avatar\/2d671b121706f48e74f5a1baf2f7300ee6dd7ddad4dc010133aed84f24ccd790?s=96&d=mm&r=g","contentUrl":"https:\/\/secure.gravatar.com\/avatar\/2d671b121706f48e74f5a1baf2f7300ee6dd7ddad4dc010133aed84f24ccd790?s=96&d=mm&r=g","caption":"Coyote Espa\u00f1a"}}]}},"_links":{"self":[{"href":"https:\/\/www.mycoyote.es\/blog\/wp-json\/wp\/v2\/posts\/625","targetHints":{"allow":["GET"]}}],"collection":[{"href":"https:\/\/www.mycoyote.es\/blog\/wp-json\/wp\/v2\/posts"}],"about":[{"href":"https:\/\/www.mycoyote.es\/blog\/wp-json\/wp\/v2\/types\/post"}],"author":[{"embeddable":true,"href":"https:\/\/www.mycoyote.es\/blog\/wp-json\/wp\/v2\/users\/170"}],"replies":[{"embeddable":true,"href":"https:\/\/www.mycoyote.es\/blog\/wp-json\/wp\/v2\/comments?post=625"}],"version-history":[{"count":1,"href":"https:\/\/www.mycoyote.es\/blog\/wp-json\/wp\/v2\/posts\/625\/revisions"}],"predecessor-version":[{"id":9319,"href":"https:\/\/www.mycoyote.es\/blog\/wp-json\/wp\/v2\/posts\/625\/revisions\/9319"}],"wp:featuredmedia":[{"embeddable":true,"href":"https:\/\/www.mycoyote.es\/blog\/wp-json\/"}],"wp:attachment":[{"href":"https:\/\/www.mycoyote.es\/blog\/wp-json\/wp\/v2\/media?parent=625"}],"wp:term":[{"taxonomy":"category","embeddable":true,"href":"https:\/\/www.mycoyote.es\/blog\/wp-json\/wp\/v2\/categories?post=625"},{"taxonomy":"post_tag","embeddable":true,"href":"https:\/\/www.mycoyote.es\/blog\/wp-json\/wp\/v2\/tags?post=625"}],"curies":[{"name":"wp","href":"https:\/\/api.w.org\/{rel}","templated":true}]}}