{"id":4157,"date":"2018-10-05T06:59:37","date_gmt":"2018-10-05T05:59:37","guid":{"rendered":"https:\/\/www.mycoyote.es\/blog\/?p=4157"},"modified":"2018-10-05T06:59:37","modified_gmt":"2018-10-05T05:59:37","slug":"edad-maxima-conducir","status":"publish","type":"post","link":"https:\/\/www.mycoyote.es\/blog\/comunidad-coyote\/edad-maxima-conducir\/","title":{"rendered":"\u00bfHay una edad m\u00e1xima para el carn\u00e9 de conducir?"},"content":{"rendered":"<p>En Espa\u00f1a no existe una edad m\u00e1xima a partir de la cual no se pueda conducir. La <a href=\"https:\/\/www.boe.es\/buscar\/act.php?id=BOE-A-2015-11722\">Ley sobre Tr\u00e1fico<\/a> establece que \u201cun conductor ha de estar en todo momento en condiciones de controlar su veh\u00edculo\u201d. M\u00e1s all\u00e1 de esta puntualizaci\u00f3n, <strong>la norma no indica que la edad sea un impedimento para conducir<\/strong>.<\/p>\n<p><!--more--><\/p>\n<p>S\u00ed existe la obligaci\u00f3n de renovar el carn\u00e9 de conducir (de clase B) en <strong>intervalos de 5 a\u00f1os<\/strong>, en lugar de cada 10, si hemos cumplido los 65 a\u00f1os. Esto implica pasar de nuevo el control psicot\u00e9cnico preciso para la renovaci\u00f3n y, por tanto, comprobar el estado de salud del conductor en lo relacionado con la seguridad al volante.<\/p>\n<p>En la revista <a href=\"http:\/\/www.dgt.es\/revista\/num232\/mobile\/index.html#p=63\">Tr\u00e1fico y Seguridad Vial<\/a>, publicada por la DGT, resaltan que <strong>la edad no impide conducir<\/strong>. Es la salud de los conductores la que debe establecer las limitaciones al volante. Por otra parte, muchos expertos coinciden que el <a href=\"https:\/\/www.abc.es\/sociedad\/abci-piden-revisiones-anuales-para-mayores-sigan-conduciendo-201707202228_noticia.html\">control deber\u00eda ser m\u00e1s frecuente<\/a> y sugieren revisiones cada dos a\u00f1os, e incluso anuales.<\/p>\n<h2>Se desconf\u00eda de ellos, pero son m\u00e1s responsables<\/h2>\n<p><img loading=\"lazy\" decoding=\"async\" class=\"aligncenter size-full wp-image-4159\" src=\"https:\/\/www.mycoyote.es\/blog\/wp-content\/uploads\/2018\/10\/44163274665_044d9f29a4_k.jpg\" alt=\"ancianos edad conductores responsables\" width=\"2048\" height=\"1333\" srcset=\"https:\/\/medias.coyotesystems.com\/wordpress\/sites\/18\/2018\/10\/44163274665_044d9f29a4_k.jpg 2048w, https:\/\/medias.coyotesystems.com\/wordpress\/sites\/18\/2018\/10\/44163274665_044d9f29a4_k-300x195.jpg 300w, https:\/\/medias.coyotesystems.com\/wordpress\/sites\/18\/2018\/10\/44163274665_044d9f29a4_k-1024x667.jpg 1024w, https:\/\/medias.coyotesystems.com\/wordpress\/sites\/18\/2018\/10\/44163274665_044d9f29a4_k-768x500.jpg 768w, https:\/\/medias.coyotesystems.com\/wordpress\/sites\/18\/2018\/10\/44163274665_044d9f29a4_k-1536x1000.jpg 1536w, https:\/\/medias.coyotesystems.com\/wordpress\/sites\/18\/2018\/10\/44163274665_044d9f29a4_k-1568x1021.jpg 1568w\" sizes=\"auto, (max-width: 2048px) 100vw, 2048px\" \/><\/p>\n<p>La Fundaci\u00f3n L\u00ednea Directa <a href=\"http:\/\/revista.dgt.es\/images\/Presentacion_Estudio-mayores-al-volante-Fundacion-Linea-Directa..pdf\">presentaba en 2016 un estudio<\/a> en el que se med\u00eda el grado de confianza y la accidentalidad real de los mayores de 65 a\u00f1os. Seg\u00fan lo publicado, <strong>existe una desconfianza general de los conductores<\/strong> espa\u00f1oles con respecto a este grupo de edad:<\/p>\n<ul>\n<li>el 72% de los encuestados les obligar\u00eda a pasar revisiones anuales;<\/li>\n<li>casi el 30% los considera potencialmente peligrosos;<\/li>\n<li>y el 11% estar\u00eda a favor de prohibirles la conducci\u00f3n nocturna.<\/li>\n<\/ul>\n<p>En una perspectiva diferente se encuentra el tipo de controles psicot\u00e9cnicos que hay que superar. El debate se centra en si los m\u00e9todos actuales son suficientemente completos como para evaluar los posibles riesgos asociados a la edad.<\/p>\n<p>Resulta significativo que, mientras la mortalidad en carretera de los conductores mayores de 65 a\u00f1os es superior que la del resto de grupos, el trabajo de investigaci\u00f3n incide en que <strong>su accidentalidad es cuatro veces menor que la del resto de grupos de edad<\/strong>. Esto denota una <a href=\"https:\/\/www.mycoyote.es\/blog\/productos-coyote\/conductores-responsables\/\">mayor responsabilidad al volante<\/a>.<\/p>\n<h2>\u00bfLa edad como factor limitante?<\/h2>\n<p>Es un hecho demostrado que con la edad nuestro cuerpo cambia. Los males que m\u00e1s pueden condicionar la conducci\u00f3n tienen que ver con el <strong>deterioro de la visi\u00f3n<\/strong> (enfermedades oculares, descenso de la agudeza visual y del campo de visi\u00f3n o mayor sensibilidad a los deslumbramientos), de la <strong>audici\u00f3n <\/strong>y a <strong>nivel cognitivo<\/strong> (disminuci\u00f3n de los reflejos). El <a href=\"https:\/\/www.mycoyote.es\/blog\/comunidad-coyote\/conducir-tomando-antihistaminicos\/\">consumo de medicamentos<\/a> es tambi\u00e9n otro factor influyente.<\/p>\n<p><img loading=\"lazy\" decoding=\"async\" class=\"aligncenter size-full wp-image-4158\" src=\"https:\/\/www.mycoyote.es\/blog\/wp-content\/uploads\/2018\/10\/45074373781_a1ffbc9a4a_k.jpg\" alt=\"ancianos edad conductores responsables\" width=\"2048\" height=\"1356\" srcset=\"https:\/\/medias.coyotesystems.com\/wordpress\/sites\/18\/2018\/10\/45074373781_a1ffbc9a4a_k.jpg 2048w, https:\/\/medias.coyotesystems.com\/wordpress\/sites\/18\/2018\/10\/45074373781_a1ffbc9a4a_k-300x199.jpg 300w, https:\/\/medias.coyotesystems.com\/wordpress\/sites\/18\/2018\/10\/45074373781_a1ffbc9a4a_k-1024x678.jpg 1024w, https:\/\/medias.coyotesystems.com\/wordpress\/sites\/18\/2018\/10\/45074373781_a1ffbc9a4a_k-768x509.jpg 768w, https:\/\/medias.coyotesystems.com\/wordpress\/sites\/18\/2018\/10\/45074373781_a1ffbc9a4a_k-1536x1017.jpg 1536w, https:\/\/medias.coyotesystems.com\/wordpress\/sites\/18\/2018\/10\/45074373781_a1ffbc9a4a_k-1568x1038.jpg 1568w\" sizes=\"auto, (max-width: 2048px) 100vw, 2048px\" \/><\/p>\n<p>Adem\u00e1s de una mayor frecuencia de los controles oficiales, los expertos coinciden en que <a href=\"https:\/\/www.abc.es\/sociedad\/abci-piden-revisiones-anuales-para-mayores-sigan-conduciendo-201707202228_noticia.html\">las propias familias han de ser parte activa<\/a> para detectar esas limitaciones e informar a las autoridades. Tambi\u00e9n mencionan medidas intermedias, como incluir restricciones progresivas dentro de un radio geogr\u00e1fico u horario.<\/p>\n<h2>La labor de MyCoyote con la prevenci\u00f3n<\/h2>\n<p>La p\u00e9rdida de reflejos y agudeza visual no se recupera, pero podemos contar con <strong>tecnolog\u00eda que supla o complemente ciertas carencias<\/strong>. Los dispositivos Coyote son una herramienta \u00fatil para conductores que busquen recibir <a href=\"https:\/\/www.mycoyote.es\/es\/servicio-coyote.html\">alertas que ayuden a su conducci\u00f3n<\/a>. Existe un aviso cuando superemos la velocidad de seguridad de la v\u00eda, otro cuando se detecte un accidente unos kil\u00f3metros por delante de nosotros, uno m\u00e1s si la comunidad de Coyote detecta un <a href=\"https:\/\/www.mycoyote.es\/blog\/servicios-carretera\/vehiculo-direccion-contraria-kamikaze\/\">veh\u00edculo kamikaze<\/a>, etc.<\/p>\n<p>La tecnolog\u00eda de Coyote contribuye aportando informaci\u00f3n sobre <strong>l\u00edmites de velocidad<\/strong>, <strong>mapas<\/strong>, <strong>ubicaci\u00f3n de radares<\/strong>, o sobre el <strong>estado actual del tr\u00e1fico<\/strong>. Nos ayuda, adem\u00e1s, a conocer mejor nuestros h\u00e1bitos comparando nuestras <a href=\"https:\/\/www.mycoyote.es\/blog\/productos-coyote\/incorporamos-la-funcion-mis-estadisticas-la-aplicacion-movil-y-los-dispositivos-coyote\/\">estad\u00edsticas de conducci\u00f3n<\/a> con las de otros conductores. De este modo, brinda una oportunidad y apoyo para aquellas personas que potencialmente puedan ver mermadas sus capacidades para la conducci\u00f3n.<\/p>\n<p>En MyCoyote | <a href=\"https:\/\/www.mycoyote.es\/blog\/productos-coyote\/coyote-servicio-seguridad\/\">Coyote, m\u00e1s que un dispositivo, un servicio<\/a><\/p>\n<p>Im\u00e1genes | <a href=\"https:\/\/www.istockphoto.com\/es\/foto\/senior-woman-driving-a-car-gm682211826-126355445\">iStock\/Curtocircuito<\/a> e <a href=\"https:\/\/www.istockphoto.com\/es\/foto\/car-driving-gm687318198-126322759\">iStock\/chamaleonseye<\/a><\/p>\n","protected":false},"excerpt":{"rendered":"<p>En Espa\u00f1a no existe una edad m\u00e1xima a partir de la cual no se pueda conducir. La Ley sobre Tr\u00e1fico [&hellip;]<\/p>\n","protected":false},"author":182,"featured_media":4160,"comment_status":"open","ping_status":"closed","sticky":false,"template":"","format":"standard","meta":{"_acf_changed":false,"footnotes":""},"categories":[2],"tags":[222,224,58],"class_list":["post-4157","post","type-post","status-publish","format-standard","has-post-thumbnail","hentry","category-comunidad-coyote","tag-carne-de-conducir","tag-conductor","tag-seguridad"],"acf":[],"yoast_head":"<!-- This site is optimized with the Yoast SEO plugin v25.9 - https:\/\/yoast.com\/wordpress\/plugins\/seo\/ -->\n<title>\u00bfHay una edad m\u00e1xima para el carn\u00e9 de conducir? - El Blog Coyote<\/title>\n<meta name=\"robots\" content=\"index, follow, max-snippet:-1, max-image-preview:large, max-video-preview:-1\" \/>\n<link rel=\"canonical\" href=\"https:\/\/www.mycoyote.es\/blog\/comunidad-coyote\/edad-maxima-conducir\/\" \/>\n<meta property=\"og:locale\" content=\"es_ES\" \/>\n<meta property=\"og:type\" content=\"article\" \/>\n<meta property=\"og:title\" content=\"\u00bfHay una edad m\u00e1xima para el carn\u00e9 de conducir?\" \/>\n<meta property=\"og:description\" content=\"En Espa\u00f1a no existe una edad m\u00e1xima a partir de la cual no se pueda conducir. La Ley sobre Tr\u00e1fico [&hellip;]\" \/>\n<meta property=\"og:url\" content=\"https:\/\/www.mycoyote.es\/blog\/comunidad-coyote\/edad-maxima-conducir\/\" \/>\n<meta property=\"og:site_name\" content=\"El Blog Coyote\" \/>\n<meta property=\"article:publisher\" content=\"https:\/\/www.facebook.com\/MyCoyote\/\" \/>\n<meta property=\"article:published_time\" content=\"2018-10-05T05:59:37+00:00\" \/>\n<meta property=\"og:image\" content=\"https:\/\/medias.coyotesystems.com\/wordpress\/sites\/18\/2018\/10\/edad-maxima-conducir.jpg\" \/>\n\t<meta property=\"og:image:width\" content=\"1064\" \/>\n\t<meta property=\"og:image:height\" content=\"800\" \/>\n\t<meta property=\"og:image:type\" content=\"image\/jpeg\" \/>\n<meta name=\"author\" content=\"Marcos Mart\u00ednez\" \/>\n<meta name=\"twitter:card\" content=\"summary_large_image\" \/>\n<meta name=\"twitter:creator\" content=\"@https:\/\/twitter.com\/euklidiadas\" \/>\n<meta name=\"twitter:site\" content=\"@Coyote_ES\" \/>\n<meta name=\"twitter:label1\" content=\"Written by\" \/>\n\t<meta name=\"twitter:data1\" content=\"Marcos Mart\u00ednez\" \/>\n\t<meta name=\"twitter:label2\" content=\"Est. reading time\" \/>\n\t<meta name=\"twitter:data2\" content=\"3 minutos\" \/>\n<script type=\"application\/ld+json\" class=\"yoast-schema-graph\">{\"@context\":\"https:\/\/schema.org\",\"@graph\":[{\"@type\":\"Article\",\"@id\":\"https:\/\/www.mycoyote.es\/blog\/comunidad-coyote\/edad-maxima-conducir\/#article\",\"isPartOf\":{\"@id\":\"https:\/\/www.mycoyote.es\/blog\/comunidad-coyote\/edad-maxima-conducir\/\"},\"author\":{\"name\":\"Marcos Mart\u00ednez\",\"@id\":\"https:\/\/www.mycoyote.es\/blog\/#\/schema\/person\/d6522fb0957058b257ad6b5e88b59f02\"},\"headline\":\"\u00bfHay una edad m\u00e1xima para el carn\u00e9 de conducir?\",\"datePublished\":\"2018-10-05T05:59:37+00:00\",\"mainEntityOfPage\":{\"@id\":\"https:\/\/www.mycoyote.es\/blog\/comunidad-coyote\/edad-maxima-conducir\/\"},\"wordCount\":673,\"commentCount\":3,\"publisher\":{\"@id\":\"https:\/\/www.mycoyote.es\/blog\/#organization\"},\"image\":{\"@id\":\"https:\/\/www.mycoyote.es\/blog\/comunidad-coyote\/edad-maxima-conducir\/#primaryimage\"},\"thumbnailUrl\":\"https:\/\/medias.coyotesystems.com\/wordpress\/sites\/18\/2018\/10\/edad-maxima-conducir.jpg\",\"keywords\":[\"Carn\u00e9 de conducir\",\"Conductor\",\"Seguridad\"],\"articleSection\":[\"Comunidad\"],\"inLanguage\":\"es\",\"potentialAction\":[{\"@type\":\"CommentAction\",\"name\":\"Comment\",\"target\":[\"https:\/\/www.mycoyote.es\/blog\/comunidad-coyote\/edad-maxima-conducir\/#respond\"]}]},{\"@type\":\"WebPage\",\"@id\":\"https:\/\/www.mycoyote.es\/blog\/comunidad-coyote\/edad-maxima-conducir\/\",\"url\":\"https:\/\/www.mycoyote.es\/blog\/comunidad-coyote\/edad-maxima-conducir\/\",\"name\":\"\u00bfHay una edad m\u00e1xima para el carn\u00e9 de conducir? - El Blog Coyote\",\"isPartOf\":{\"@id\":\"https:\/\/www.mycoyote.es\/blog\/#website\"},\"primaryImageOfPage\":{\"@id\":\"https:\/\/www.mycoyote.es\/blog\/comunidad-coyote\/edad-maxima-conducir\/#primaryimage\"},\"image\":{\"@id\":\"https:\/\/www.mycoyote.es\/blog\/comunidad-coyote\/edad-maxima-conducir\/#primaryimage\"},\"thumbnailUrl\":\"https:\/\/medias.coyotesystems.com\/wordpress\/sites\/18\/2018\/10\/edad-maxima-conducir.jpg\",\"datePublished\":\"2018-10-05T05:59:37+00:00\",\"breadcrumb\":{\"@id\":\"https:\/\/www.mycoyote.es\/blog\/comunidad-coyote\/edad-maxima-conducir\/#breadcrumb\"},\"inLanguage\":\"es\",\"potentialAction\":[{\"@type\":\"ReadAction\",\"target\":[\"https:\/\/www.mycoyote.es\/blog\/comunidad-coyote\/edad-maxima-conducir\/\"]}]},{\"@type\":\"ImageObject\",\"inLanguage\":\"es\",\"@id\":\"https:\/\/www.mycoyote.es\/blog\/comunidad-coyote\/edad-maxima-conducir\/#primaryimage\",\"url\":\"https:\/\/medias.coyotesystems.com\/wordpress\/sites\/18\/2018\/10\/edad-maxima-conducir.jpg\",\"contentUrl\":\"https:\/\/medias.coyotesystems.com\/wordpress\/sites\/18\/2018\/10\/edad-maxima-conducir.jpg\",\"width\":1064,\"height\":800,\"caption\":\"edad-maxima-conducir\"},{\"@type\":\"BreadcrumbList\",\"@id\":\"https:\/\/www.mycoyote.es\/blog\/comunidad-coyote\/edad-maxima-conducir\/#breadcrumb\",\"itemListElement\":[{\"@type\":\"ListItem\",\"position\":1,\"name\":\"Home\",\"item\":\"https:\/\/www.mycoyote.es\/blog\/\"},{\"@type\":\"ListItem\",\"position\":2,\"name\":\"Carretera\",\"item\":\"https:\/\/www.mycoyote.es\/blog\/servicios-carretera\/\"},{\"@type\":\"ListItem\",\"position\":3,\"name\":\"\u00bfHay una edad m\u00e1xima para el carn\u00e9 de conducir?\"}]},{\"@type\":\"WebSite\",\"@id\":\"https:\/\/www.mycoyote.es\/blog\/#website\",\"url\":\"https:\/\/www.mycoyote.es\/blog\/\",\"name\":\"El Blog Coyote\",\"description\":\"\",\"publisher\":{\"@id\":\"https:\/\/www.mycoyote.es\/blog\/#organization\"},\"potentialAction\":[{\"@type\":\"SearchAction\",\"target\":{\"@type\":\"EntryPoint\",\"urlTemplate\":\"https:\/\/www.mycoyote.es\/blog\/?s={search_term_string}\"},\"query-input\":{\"@type\":\"PropertyValueSpecification\",\"valueRequired\":true,\"valueName\":\"search_term_string\"}}],\"inLanguage\":\"es\"},{\"@type\":\"Organization\",\"@id\":\"https:\/\/www.mycoyote.es\/blog\/#organization\",\"name\":\"Coyote\",\"url\":\"https:\/\/www.mycoyote.es\/blog\/\",\"logo\":{\"@type\":\"ImageObject\",\"inLanguage\":\"es\",\"@id\":\"https:\/\/www.mycoyote.es\/blog\/#\/schema\/logo\/image\/\",\"url\":\"https:\/\/medias.coyotesystems.com\/wordpress\/sites\/18\/2024\/02\/Logo-Coyote-1.png\",\"contentUrl\":\"https:\/\/medias.coyotesystems.com\/wordpress\/sites\/18\/2024\/02\/Logo-Coyote-1.png\",\"width\":842,\"height\":263,\"caption\":\"Coyote\"},\"image\":{\"@id\":\"https:\/\/www.mycoyote.es\/blog\/#\/schema\/logo\/image\/\"},\"sameAs\":[\"https:\/\/www.facebook.com\/MyCoyote\/\",\"https:\/\/x.com\/Coyote_ES\",\"https:\/\/www.instagram.com\/coyote_es\/\",\"https:\/\/www.youtube.com\/user\/CoyoteEspana\"]},{\"@type\":\"Person\",\"@id\":\"https:\/\/www.mycoyote.es\/blog\/#\/schema\/person\/d6522fb0957058b257ad6b5e88b59f02\",\"name\":\"Marcos Mart\u00ednez\",\"image\":{\"@type\":\"ImageObject\",\"inLanguage\":\"es\",\"@id\":\"https:\/\/www.mycoyote.es\/blog\/#\/schema\/person\/image\/\",\"url\":\"https:\/\/secure.gravatar.com\/avatar\/47a3005aa22e478b5b37fc6076cd2036eab76dc6f49f1dc6c9b8e9d550cdf950?s=96&d=mm&r=g\",\"contentUrl\":\"https:\/\/secure.gravatar.com\/avatar\/47a3005aa22e478b5b37fc6076cd2036eab76dc6f49f1dc6c9b8e9d550cdf950?s=96&d=mm&r=g\",\"caption\":\"Marcos Mart\u00ednez\"},\"description\":\"Ingeniero por azar, autor por vocaci\u00f3n y redactor de contenidos sin querer. Amante de la tecnolog\u00eda, porque nos llevar\u00e1 donde nunca hemos estado antes.\",\"sameAs\":[\"http:\/\/www.marcosmartinez.me\",\"https:\/\/bit.ly\/2MyrRbA\",\"https:\/\/x.com\/https:\/\/twitter.com\/euklidiadas\"]}]}<\/script>\n<!-- \/ Yoast SEO plugin. -->","yoast_head_json":{"title":"\u00bfHay una edad m\u00e1xima para el carn\u00e9 de conducir? - El Blog Coyote","robots":{"index":"index","follow":"follow","max-snippet":"max-snippet:-1","max-image-preview":"max-image-preview:large","max-video-preview":"max-video-preview:-1"},"canonical":"https:\/\/www.mycoyote.es\/blog\/comunidad-coyote\/edad-maxima-conducir\/","og_locale":"es_ES","og_type":"article","og_title":"\u00bfHay una edad m\u00e1xima para el carn\u00e9 de conducir?","og_description":"En Espa\u00f1a no existe una edad m\u00e1xima a partir de la cual no se pueda conducir. La Ley sobre Tr\u00e1fico [&hellip;]","og_url":"https:\/\/www.mycoyote.es\/blog\/comunidad-coyote\/edad-maxima-conducir\/","og_site_name":"El Blog Coyote","article_publisher":"https:\/\/www.facebook.com\/MyCoyote\/","article_published_time":"2018-10-05T05:59:37+00:00","og_image":[{"width":1064,"height":800,"url":"https:\/\/medias.coyotesystems.com\/wordpress\/sites\/18\/2018\/10\/edad-maxima-conducir.jpg","type":"image\/jpeg"}],"author":"Marcos Mart\u00ednez","twitter_card":"summary_large_image","twitter_creator":"@https:\/\/twitter.com\/euklidiadas","twitter_site":"@Coyote_ES","twitter_misc":{"Written by":"Marcos Mart\u00ednez","Est. reading time":"3 minutos"},"schema":{"@context":"https:\/\/schema.org","@graph":[{"@type":"Article","@id":"https:\/\/www.mycoyote.es\/blog\/comunidad-coyote\/edad-maxima-conducir\/#article","isPartOf":{"@id":"https:\/\/www.mycoyote.es\/blog\/comunidad-coyote\/edad-maxima-conducir\/"},"author":{"name":"Marcos Mart\u00ednez","@id":"https:\/\/www.mycoyote.es\/blog\/#\/schema\/person\/d6522fb0957058b257ad6b5e88b59f02"},"headline":"\u00bfHay una edad m\u00e1xima para el carn\u00e9 de conducir?","datePublished":"2018-10-05T05:59:37+00:00","mainEntityOfPage":{"@id":"https:\/\/www.mycoyote.es\/blog\/comunidad-coyote\/edad-maxima-conducir\/"},"wordCount":673,"commentCount":3,"publisher":{"@id":"https:\/\/www.mycoyote.es\/blog\/#organization"},"image":{"@id":"https:\/\/www.mycoyote.es\/blog\/comunidad-coyote\/edad-maxima-conducir\/#primaryimage"},"thumbnailUrl":"https:\/\/medias.coyotesystems.com\/wordpress\/sites\/18\/2018\/10\/edad-maxima-conducir.jpg","keywords":["Carn\u00e9 de conducir","Conductor","Seguridad"],"articleSection":["Comunidad"],"inLanguage":"es","potentialAction":[{"@type":"CommentAction","name":"Comment","target":["https:\/\/www.mycoyote.es\/blog\/comunidad-coyote\/edad-maxima-conducir\/#respond"]}]},{"@type":"WebPage","@id":"https:\/\/www.mycoyote.es\/blog\/comunidad-coyote\/edad-maxima-conducir\/","url":"https:\/\/www.mycoyote.es\/blog\/comunidad-coyote\/edad-maxima-conducir\/","name":"\u00bfHay una edad m\u00e1xima para el carn\u00e9 de conducir? - El Blog Coyote","isPartOf":{"@id":"https:\/\/www.mycoyote.es\/blog\/#website"},"primaryImageOfPage":{"@id":"https:\/\/www.mycoyote.es\/blog\/comunidad-coyote\/edad-maxima-conducir\/#primaryimage"},"image":{"@id":"https:\/\/www.mycoyote.es\/blog\/comunidad-coyote\/edad-maxima-conducir\/#primaryimage"},"thumbnailUrl":"https:\/\/medias.coyotesystems.com\/wordpress\/sites\/18\/2018\/10\/edad-maxima-conducir.jpg","datePublished":"2018-10-05T05:59:37+00:00","breadcrumb":{"@id":"https:\/\/www.mycoyote.es\/blog\/comunidad-coyote\/edad-maxima-conducir\/#breadcrumb"},"inLanguage":"es","potentialAction":[{"@type":"ReadAction","target":["https:\/\/www.mycoyote.es\/blog\/comunidad-coyote\/edad-maxima-conducir\/"]}]},{"@type":"ImageObject","inLanguage":"es","@id":"https:\/\/www.mycoyote.es\/blog\/comunidad-coyote\/edad-maxima-conducir\/#primaryimage","url":"https:\/\/medias.coyotesystems.com\/wordpress\/sites\/18\/2018\/10\/edad-maxima-conducir.jpg","contentUrl":"https:\/\/medias.coyotesystems.com\/wordpress\/sites\/18\/2018\/10\/edad-maxima-conducir.jpg","width":1064,"height":800,"caption":"edad-maxima-conducir"},{"@type":"BreadcrumbList","@id":"https:\/\/www.mycoyote.es\/blog\/comunidad-coyote\/edad-maxima-conducir\/#breadcrumb","itemListElement":[{"@type":"ListItem","position":1,"name":"Home","item":"https:\/\/www.mycoyote.es\/blog\/"},{"@type":"ListItem","position":2,"name":"Carretera","item":"https:\/\/www.mycoyote.es\/blog\/servicios-carretera\/"},{"@type":"ListItem","position":3,"name":"\u00bfHay una edad m\u00e1xima para el carn\u00e9 de conducir?"}]},{"@type":"WebSite","@id":"https:\/\/www.mycoyote.es\/blog\/#website","url":"https:\/\/www.mycoyote.es\/blog\/","name":"El Blog Coyote","description":"","publisher":{"@id":"https:\/\/www.mycoyote.es\/blog\/#organization"},"potentialAction":[{"@type":"SearchAction","target":{"@type":"EntryPoint","urlTemplate":"https:\/\/www.mycoyote.es\/blog\/?s={search_term_string}"},"query-input":{"@type":"PropertyValueSpecification","valueRequired":true,"valueName":"search_term_string"}}],"inLanguage":"es"},{"@type":"Organization","@id":"https:\/\/www.mycoyote.es\/blog\/#organization","name":"Coyote","url":"https:\/\/www.mycoyote.es\/blog\/","logo":{"@type":"ImageObject","inLanguage":"es","@id":"https:\/\/www.mycoyote.es\/blog\/#\/schema\/logo\/image\/","url":"https:\/\/medias.coyotesystems.com\/wordpress\/sites\/18\/2024\/02\/Logo-Coyote-1.png","contentUrl":"https:\/\/medias.coyotesystems.com\/wordpress\/sites\/18\/2024\/02\/Logo-Coyote-1.png","width":842,"height":263,"caption":"Coyote"},"image":{"@id":"https:\/\/www.mycoyote.es\/blog\/#\/schema\/logo\/image\/"},"sameAs":["https:\/\/www.facebook.com\/MyCoyote\/","https:\/\/x.com\/Coyote_ES","https:\/\/www.instagram.com\/coyote_es\/","https:\/\/www.youtube.com\/user\/CoyoteEspana"]},{"@type":"Person","@id":"https:\/\/www.mycoyote.es\/blog\/#\/schema\/person\/d6522fb0957058b257ad6b5e88b59f02","name":"Marcos Mart\u00ednez","image":{"@type":"ImageObject","inLanguage":"es","@id":"https:\/\/www.mycoyote.es\/blog\/#\/schema\/person\/image\/","url":"https:\/\/secure.gravatar.com\/avatar\/47a3005aa22e478b5b37fc6076cd2036eab76dc6f49f1dc6c9b8e9d550cdf950?s=96&d=mm&r=g","contentUrl":"https:\/\/secure.gravatar.com\/avatar\/47a3005aa22e478b5b37fc6076cd2036eab76dc6f49f1dc6c9b8e9d550cdf950?s=96&d=mm&r=g","caption":"Marcos Mart\u00ednez"},"description":"Ingeniero por azar, autor por vocaci\u00f3n y redactor de contenidos sin querer. Amante de la tecnolog\u00eda, porque nos llevar\u00e1 donde nunca hemos estado antes.","sameAs":["http:\/\/www.marcosmartinez.me","https:\/\/bit.ly\/2MyrRbA","https:\/\/x.com\/https:\/\/twitter.com\/euklidiadas"]}]}},"_links":{"self":[{"href":"https:\/\/www.mycoyote.es\/blog\/wp-json\/wp\/v2\/posts\/4157","targetHints":{"allow":["GET"]}}],"collection":[{"href":"https:\/\/www.mycoyote.es\/blog\/wp-json\/wp\/v2\/posts"}],"about":[{"href":"https:\/\/www.mycoyote.es\/blog\/wp-json\/wp\/v2\/types\/post"}],"author":[{"embeddable":true,"href":"https:\/\/www.mycoyote.es\/blog\/wp-json\/wp\/v2\/users\/182"}],"replies":[{"embeddable":true,"href":"https:\/\/www.mycoyote.es\/blog\/wp-json\/wp\/v2\/comments?post=4157"}],"version-history":[{"count":0,"href":"https:\/\/www.mycoyote.es\/blog\/wp-json\/wp\/v2\/posts\/4157\/revisions"}],"wp:featuredmedia":[{"embeddable":true,"href":"https:\/\/www.mycoyote.es\/blog\/wp-json\/wp\/v2\/media\/4160"}],"wp:attachment":[{"href":"https:\/\/www.mycoyote.es\/blog\/wp-json\/wp\/v2\/media?parent=4157"}],"wp:term":[{"taxonomy":"category","embeddable":true,"href":"https:\/\/www.mycoyote.es\/blog\/wp-json\/wp\/v2\/categories?post=4157"},{"taxonomy":"post_tag","embeddable":true,"href":"https:\/\/www.mycoyote.es\/blog\/wp-json\/wp\/v2\/tags?post=4157"}],"curies":[{"name":"wp","href":"https:\/\/api.w.org\/{rel}","templated":true}]}}