{"id":4006,"date":"2018-08-15T08:18:14","date_gmt":"2018-08-15T07:18:14","guid":{"rendered":"https:\/\/www.mycoyote.es\/blog\/?p=4006"},"modified":"2018-08-15T08:18:14","modified_gmt":"2018-08-15T07:18:14","slug":"aire-acondicionado-viajar-verano","status":"publish","type":"post","link":"https:\/\/www.mycoyote.es\/blog\/comunidad-coyote\/aire-acondicionado-viajar-verano\/","title":{"rendered":"\u00bfTienes listo el aire acondicionado para viajar?"},"content":{"rendered":"<p>Lejos qued\u00f3 aquella imagen de una familia entera viajando en un Seat 600 sin refrigeraci\u00f3n en vacaciones. Ahora <strong>el aire acondicionado es una herramienta indispensable para viajar en verano<\/strong>. \u00bfLo tienes a punto? Damos algunas claves b\u00e1sicas y referimos a los profesionales del taller como <a href=\"https:\/\/www.mycoyote.es\/blog\/servicios-carretera\/cuando-cambiar-neumaticos\/\">ya hicimos con los neum\u00e1ticos<\/a>.<\/p>\n<p><!--more--><\/p>\n<h2>Mejorar el confort al volante durante el verano<\/h2>\n<p>El <strong>aire acondicionado<\/strong> del coche es un sistema que, adem\u00e1s de aportar confort como el climatizador (que fija la temperatura deseada) forma <a href=\"https:\/\/www.mycoyote.es\/blog\/productos-coyote\/comunidad-coyote\/\">parte de la seguridad activa<\/a> de los veh\u00edculos. Resulta evidente que conducir con un calor excesivo puede disminuir la concentraci\u00f3n al volante. Algo similar a circular bajo los efectos del alcohol o drogas.<\/p>\n<p>De ah\u00ed que resulta recomendable circular a una <a href=\"https:\/\/www.race.es\/seguridadvial\/formacion-race\/en-carretera\/temperatura-adecuada-interior-coche\">temperatura\u00a0pr\u00f3xima a los 21 o 23 grados<\/a><strong>\u00a0<\/strong>en el interior del veh\u00edculo. Pero es antes de los d\u00edas de mucho calor cuando necesitamos revisar el aire, no durante.<\/p>\n<p>En caso contrario, si esperamos al \u00faltimo d\u00eda o no tenemos en cuenta el mantenimiento del veh\u00edculo, la vida del circuito de ventilaci\u00f3n del habit\u00e1culo se ver\u00e1 afectada y las aver\u00edas a corto plazo ser\u00e1n m\u00e1s frecuentes.<\/p>\n<h2>Consejos de mantenimiento que podemos realizar nosotros<\/h2>\n<p>En primer lugar podemos <strong>comprobar el estado del filtro<\/strong>. Una vez al a\u00f1o o cuando le corresponda por uso y distancia recorrida. En caso de circular con frecuencia por caminos o zonas de mucho polvo, conviene cambiarlo antes.<\/p>\n<p><img loading=\"lazy\" decoding=\"async\" class=\"aligncenter size-full wp-image-4041\" src=\"https:\/\/www.mycoyote.es\/blog\/wp-content\/uploads\/2018\/07\/43684014772_8d7ec0a9da_k.jpg\" alt=\"revisar-aire-acondicionado\" width=\"2048\" height=\"1365\" srcset=\"https:\/\/medias.coyotesystems.com\/wordpress\/sites\/18\/2018\/07\/43684014772_8d7ec0a9da_k.jpg 2048w, https:\/\/medias.coyotesystems.com\/wordpress\/sites\/18\/2018\/07\/43684014772_8d7ec0a9da_k-300x200.jpg 300w, https:\/\/medias.coyotesystems.com\/wordpress\/sites\/18\/2018\/07\/43684014772_8d7ec0a9da_k-1024x683.jpg 1024w, https:\/\/medias.coyotesystems.com\/wordpress\/sites\/18\/2018\/07\/43684014772_8d7ec0a9da_k-768x512.jpg 768w, https:\/\/medias.coyotesystems.com\/wordpress\/sites\/18\/2018\/07\/43684014772_8d7ec0a9da_k-1536x1024.jpg 1536w, https:\/\/medias.coyotesystems.com\/wordpress\/sites\/18\/2018\/07\/43684014772_8d7ec0a9da_k-1568x1045.jpg 1568w\" sizes=\"auto, (max-width: 2048px) 100vw, 2048px\" \/><\/p>\n<p>El filtro no es una pieza cara y resulta f\u00e1cil de sustituir incluso por nosotros mismos. La mayor\u00eda de los coches tienen manuales con los pasos a seguir para sustituir piezas b\u00e1sicas como esta o las luces. Tras esto, podemos limpiar las salidas de ventilaci\u00f3n.<\/p>\n<h2>\u00bfNo sale aire fr\u00edo suficiente?<\/h2>\n<p>Veamos un chequeo sencillo para <strong>comprobar fugas en el circuito del aire acondicionado<\/strong>. Evidentemente, con el veh\u00edculo detenido.<\/p>\n<ol>\n<li>Cerramos todas las trampillas del salpicadero menos una de las dos centrales.<\/li>\n<li>Ponemos el aire acondicionado con climatizador a la m\u00ednima temperatura.<\/li>\n<li>M\u00e1ximo caudal de aire por la zona superior. Cuidado porque puede ser molesto.<\/li>\n<li>Esperamos unos minutos y colocamos un term\u00f3metro en la salida del aire.<\/li>\n<\/ol>\n<p>Si marca entre 4 y 7 grados, el climatizador funciona como deber\u00eda. De no ser as\u00ed lo m\u00e1s probable es que el sistema est\u00e9 bajo de carga, y toca ir al taller. All\u00ed buscar\u00e1n una fuga y, si no la encuentran, usar\u00e1n un gas colorante para localizarla si la hay.<\/p>\n<h2>Arrancar el coche de vez en cuando<\/h2>\n<p>El circuito de refrigerante del coche <strong>puede averiarse si pasa mucho tiempo sin funcionar<\/strong>. Esto es porque el compresor del circuito puede obstruirse con refrigerante. Adem\u00e1s, las juntas de las tuber\u00edas pueden perder eficacia y presentar roturas.<\/p>\n<p><img loading=\"lazy\" decoding=\"async\" class=\"aligncenter size-full wp-image-4042\" src=\"https:\/\/www.mycoyote.es\/blog\/wp-content\/uploads\/2018\/07\/43684012222_8398bb6e0d_k.jpg\" alt=\"gas-circuito-aire-acondicionado-vacaciones\" width=\"2048\" height=\"1360\" srcset=\"https:\/\/medias.coyotesystems.com\/wordpress\/sites\/18\/2018\/07\/43684012222_8398bb6e0d_k.jpg 2048w, https:\/\/medias.coyotesystems.com\/wordpress\/sites\/18\/2018\/07\/43684012222_8398bb6e0d_k-300x199.jpg 300w, https:\/\/medias.coyotesystems.com\/wordpress\/sites\/18\/2018\/07\/43684012222_8398bb6e0d_k-1024x680.jpg 1024w, https:\/\/medias.coyotesystems.com\/wordpress\/sites\/18\/2018\/07\/43684012222_8398bb6e0d_k-768x510.jpg 768w, https:\/\/medias.coyotesystems.com\/wordpress\/sites\/18\/2018\/07\/43684012222_8398bb6e0d_k-1536x1020.jpg 1536w, https:\/\/medias.coyotesystems.com\/wordpress\/sites\/18\/2018\/07\/43684012222_8398bb6e0d_k-1568x1041.jpg 1568w\" sizes=\"auto, (max-width: 2048px) 100vw, 2048px\" \/><\/p>\n<p>Esto significa que, durante el invierno, deber\u00edamos poner el aire acondicionado un par de minutos de tanto en tanto. Si no lo hemos hecho, ya tenemos excusa para <a href=\"https:\/\/www.mycoyote.es\/blog\/servicios-carretera\/tengo-que-hacer-una-revision-al-coche-al-volver-de-vacaciones\/\">ir al taller a hacer una revisi\u00f3n<\/a>. Como hemos dicho, <strong>el confort t\u00e9rmico es una parte muy importante para la seguridad<\/strong>.<\/p>\n<h2>Bajar la temperatura de la cabina<\/h2>\n<p>Si nos topamos con un coche a una elevada temperatura, no es aconsejable poner el aire a tope en los primeros minutos. Hay otros trucos para bajar la temperatura. Como <strong>bajar todas las ventanillas o usar las puertas de un lado del coche para ventilar<\/strong> el aire interior.<\/p>\n<p>Por descontado, si estimamos que nuestro veh\u00edculo podr\u00eda estar muchas horas al Sol en zona abierta, se recomienda <strong>buscar lugares con \u00e1rboles o sombra<\/strong>. Cuidar nuestro sistema de refrigeraci\u00f3n es clave a la hora de evitar aver\u00edas.<\/p>\n<p>El aire acondicionado puede parecer algo secundario, pero cuando conducimos en verano el calor puede jugarnos malas pasadas. Por ejemplo, puede darnos un golpe de calor, somnolencia, <a href=\"https:\/\/www.mycoyote.es\/blog\/noticias\/cinetosis-mareamos-coche\/\">cinetosis<\/a>&#8230; Conducir a altas temperaturas tampoco resulta recomendable.<\/p>\n<p>Seguro que todos hemos visto en carreteras largas la ilusi\u00f3n \u00f3ptica de un espejismo de agua en la l\u00ednea del horizonte, causado por el calor. Con altas temperaturas, el cerebro busca im\u00e1genes refrescantes. <a href=\"https:\/\/www.mycoyote.es\/blog\/comunidad-coyote\/bebidas-sin-alcohol-conducir\/\">El agua suele ayudar<\/a>.<\/p>\n<p>En MyCoyote |\u00a0<a href=\"https:\/\/www.mycoyote.es\/blog\/servicios-carretera\/transportar-bicicleta-coche\/\">Me llevo la bicicleta de vacaciones, \u00bfc\u00f3mo la transporto en el coche?<\/a><\/p>\n<p>Im\u00e1genes | <a href=\"https:\/\/www.istockphoto.com\/es\/foto\/de-aire-acondicionado-gm874219170-244110888\">iStock\/Naked King<\/a>,\u00a0<a href=\"https:\/\/www.istockphoto.com\/es\/foto\/filtro-de-aire-de-la-cabina-limpios-y-sucios-para-el-coche-gm695897408-128709379\">iStock\/Mihajlo Maricic<\/a>, <a href=\"https:\/\/www.istockphoto.com\/es\/foto\/car-repair-aire-acondicionado-gm495341914-77934873\">iStock\/13460889<\/a><\/p>\n<p>&nbsp;<\/p>\n","protected":false},"excerpt":{"rendered":"<p>Lejos qued\u00f3 aquella imagen de una familia entera viajando en un Seat 600 sin refrigeraci\u00f3n en vacaciones. Ahora el aire [&hellip;]<\/p>\n","protected":false},"author":188,"featured_media":4033,"comment_status":"open","ping_status":"closed","sticky":false,"template":"","format":"standard","meta":{"_acf_changed":false,"footnotes":""},"categories":[2],"tags":[58,34,52],"class_list":["post-4006","post","type-post","status-publish","format-standard","has-post-thumbnail","hentry","category-comunidad-coyote","tag-seguridad","tag-tecnologia","tag-vacaciones"],"acf":[],"yoast_head":"<!-- This site is optimized with the Yoast SEO plugin v25.9 - https:\/\/yoast.com\/wordpress\/plugins\/seo\/ -->\n<title>\u00bfTienes listo el aire acondicionado para viajar? - El Blog Coyote<\/title>\n<meta name=\"description\" content=\"El aire acondicionado es una pieza esencial de la seguridad. De cara al verano, \u00bfla llevas preparada y revisada? Si no, pasemos por taller.\" \/>\n<meta name=\"robots\" content=\"index, follow, max-snippet:-1, max-image-preview:large, max-video-preview:-1\" \/>\n<link rel=\"canonical\" href=\"https:\/\/www.mycoyote.es\/blog\/comunidad-coyote\/aire-acondicionado-viajar-verano\/\" \/>\n<meta property=\"og:locale\" content=\"es_ES\" \/>\n<meta property=\"og:type\" content=\"article\" \/>\n<meta property=\"og:title\" content=\"\u00bfTienes listo el aire acondicionado para viajar? - El Blog Coyote\" \/>\n<meta property=\"og:description\" content=\"El aire acondicionado es una pieza esencial de la seguridad. De cara al verano, \u00bfla llevas preparada y revisada? Si no, pasemos por taller.\" \/>\n<meta property=\"og:url\" content=\"https:\/\/www.mycoyote.es\/blog\/comunidad-coyote\/aire-acondicionado-viajar-verano\/\" \/>\n<meta property=\"og:site_name\" content=\"El Blog Coyote\" \/>\n<meta property=\"article:publisher\" content=\"https:\/\/www.facebook.com\/MyCoyote\/\" \/>\n<meta property=\"article:published_time\" content=\"2018-08-15T07:18:14+00:00\" \/>\n<meta property=\"og:image\" content=\"https:\/\/medias.coyotesystems.com\/wordpress\/sites\/18\/2018\/07\/aire-acondicionado-viajar-verano.jpg\" \/>\n\t<meta property=\"og:image:width\" content=\"1064\" \/>\n\t<meta property=\"og:image:height\" content=\"800\" \/>\n\t<meta property=\"og:image:type\" content=\"image\/jpeg\" \/>\n<meta name=\"author\" content=\"Victoriano Flores Corzo\" \/>\n<meta name=\"twitter:card\" content=\"summary_large_image\" \/>\n<meta name=\"twitter:creator\" content=\"@Coyote_ES\" \/>\n<meta name=\"twitter:site\" content=\"@Coyote_ES\" \/>\n<meta name=\"twitter:label1\" content=\"Written by\" \/>\n\t<meta name=\"twitter:data1\" content=\"Victoriano Flores Corzo\" \/>\n\t<meta name=\"twitter:label2\" content=\"Est. reading time\" \/>\n\t<meta name=\"twitter:data2\" content=\"4 minutos\" \/>\n<script type=\"application\/ld+json\" class=\"yoast-schema-graph\">{\"@context\":\"https:\/\/schema.org\",\"@graph\":[{\"@type\":\"Article\",\"@id\":\"https:\/\/www.mycoyote.es\/blog\/comunidad-coyote\/aire-acondicionado-viajar-verano\/#article\",\"isPartOf\":{\"@id\":\"https:\/\/www.mycoyote.es\/blog\/comunidad-coyote\/aire-acondicionado-viajar-verano\/\"},\"author\":{\"name\":\"Victoriano Flores Corzo\",\"@id\":\"https:\/\/www.mycoyote.es\/blog\/#\/schema\/person\/2224cb617193c1d2f9a4ce67bb4532ca\"},\"headline\":\"\u00bfTienes listo el aire acondicionado para viajar?\",\"datePublished\":\"2018-08-15T07:18:14+00:00\",\"mainEntityOfPage\":{\"@id\":\"https:\/\/www.mycoyote.es\/blog\/comunidad-coyote\/aire-acondicionado-viajar-verano\/\"},\"wordCount\":722,\"commentCount\":0,\"publisher\":{\"@id\":\"https:\/\/www.mycoyote.es\/blog\/#organization\"},\"image\":{\"@id\":\"https:\/\/www.mycoyote.es\/blog\/comunidad-coyote\/aire-acondicionado-viajar-verano\/#primaryimage\"},\"thumbnailUrl\":\"https:\/\/medias.coyotesystems.com\/wordpress\/sites\/18\/2018\/07\/aire-acondicionado-viajar-verano.jpg\",\"keywords\":[\"Seguridad\",\"Tecnolog\u00eda\",\"vacaciones\"],\"articleSection\":[\"Comunidad\"],\"inLanguage\":\"es\",\"potentialAction\":[{\"@type\":\"CommentAction\",\"name\":\"Comment\",\"target\":[\"https:\/\/www.mycoyote.es\/blog\/comunidad-coyote\/aire-acondicionado-viajar-verano\/#respond\"]}]},{\"@type\":\"WebPage\",\"@id\":\"https:\/\/www.mycoyote.es\/blog\/comunidad-coyote\/aire-acondicionado-viajar-verano\/\",\"url\":\"https:\/\/www.mycoyote.es\/blog\/comunidad-coyote\/aire-acondicionado-viajar-verano\/\",\"name\":\"\u00bfTienes listo el aire acondicionado para viajar? - El Blog Coyote\",\"isPartOf\":{\"@id\":\"https:\/\/www.mycoyote.es\/blog\/#website\"},\"primaryImageOfPage\":{\"@id\":\"https:\/\/www.mycoyote.es\/blog\/comunidad-coyote\/aire-acondicionado-viajar-verano\/#primaryimage\"},\"image\":{\"@id\":\"https:\/\/www.mycoyote.es\/blog\/comunidad-coyote\/aire-acondicionado-viajar-verano\/#primaryimage\"},\"thumbnailUrl\":\"https:\/\/medias.coyotesystems.com\/wordpress\/sites\/18\/2018\/07\/aire-acondicionado-viajar-verano.jpg\",\"datePublished\":\"2018-08-15T07:18:14+00:00\",\"description\":\"El aire acondicionado es una pieza esencial de la seguridad. De cara al verano, \u00bfla llevas preparada y revisada? Si no, pasemos por taller.\",\"breadcrumb\":{\"@id\":\"https:\/\/www.mycoyote.es\/blog\/comunidad-coyote\/aire-acondicionado-viajar-verano\/#breadcrumb\"},\"inLanguage\":\"es\",\"potentialAction\":[{\"@type\":\"ReadAction\",\"target\":[\"https:\/\/www.mycoyote.es\/blog\/comunidad-coyote\/aire-acondicionado-viajar-verano\/\"]}]},{\"@type\":\"ImageObject\",\"inLanguage\":\"es\",\"@id\":\"https:\/\/www.mycoyote.es\/blog\/comunidad-coyote\/aire-acondicionado-viajar-verano\/#primaryimage\",\"url\":\"https:\/\/medias.coyotesystems.com\/wordpress\/sites\/18\/2018\/07\/aire-acondicionado-viajar-verano.jpg\",\"contentUrl\":\"https:\/\/medias.coyotesystems.com\/wordpress\/sites\/18\/2018\/07\/aire-acondicionado-viajar-verano.jpg\",\"width\":1064,\"height\":800,\"caption\":\"aire-acondicionado-viajar-verano\"},{\"@type\":\"BreadcrumbList\",\"@id\":\"https:\/\/www.mycoyote.es\/blog\/comunidad-coyote\/aire-acondicionado-viajar-verano\/#breadcrumb\",\"itemListElement\":[{\"@type\":\"ListItem\",\"position\":1,\"name\":\"Home\",\"item\":\"https:\/\/www.mycoyote.es\/blog\/\"},{\"@type\":\"ListItem\",\"position\":2,\"name\":\"Carretera\",\"item\":\"https:\/\/www.mycoyote.es\/blog\/servicios-carretera\/\"},{\"@type\":\"ListItem\",\"position\":3,\"name\":\"\u00bfTienes listo el aire acondicionado para viajar?\"}]},{\"@type\":\"WebSite\",\"@id\":\"https:\/\/www.mycoyote.es\/blog\/#website\",\"url\":\"https:\/\/www.mycoyote.es\/blog\/\",\"name\":\"El Blog Coyote\",\"description\":\"\",\"publisher\":{\"@id\":\"https:\/\/www.mycoyote.es\/blog\/#organization\"},\"potentialAction\":[{\"@type\":\"SearchAction\",\"target\":{\"@type\":\"EntryPoint\",\"urlTemplate\":\"https:\/\/www.mycoyote.es\/blog\/?s={search_term_string}\"},\"query-input\":{\"@type\":\"PropertyValueSpecification\",\"valueRequired\":true,\"valueName\":\"search_term_string\"}}],\"inLanguage\":\"es\"},{\"@type\":\"Organization\",\"@id\":\"https:\/\/www.mycoyote.es\/blog\/#organization\",\"name\":\"Coyote\",\"url\":\"https:\/\/www.mycoyote.es\/blog\/\",\"logo\":{\"@type\":\"ImageObject\",\"inLanguage\":\"es\",\"@id\":\"https:\/\/www.mycoyote.es\/blog\/#\/schema\/logo\/image\/\",\"url\":\"https:\/\/medias.coyotesystems.com\/wordpress\/sites\/18\/2024\/02\/Logo-Coyote-1.png\",\"contentUrl\":\"https:\/\/medias.coyotesystems.com\/wordpress\/sites\/18\/2024\/02\/Logo-Coyote-1.png\",\"width\":842,\"height\":263,\"caption\":\"Coyote\"},\"image\":{\"@id\":\"https:\/\/www.mycoyote.es\/blog\/#\/schema\/logo\/image\/\"},\"sameAs\":[\"https:\/\/www.facebook.com\/MyCoyote\/\",\"https:\/\/x.com\/Coyote_ES\",\"https:\/\/www.instagram.com\/coyote_es\/\",\"https:\/\/www.youtube.com\/user\/CoyoteEspana\"]},{\"@type\":\"Person\",\"@id\":\"https:\/\/www.mycoyote.es\/blog\/#\/schema\/person\/2224cb617193c1d2f9a4ce67bb4532ca\",\"name\":\"Victoriano Flores Corzo\",\"image\":{\"@type\":\"ImageObject\",\"inLanguage\":\"es\",\"@id\":\"https:\/\/www.mycoyote.es\/blog\/#\/schema\/person\/image\/\",\"url\":\"https:\/\/secure.gravatar.com\/avatar\/51619ec5b6b691d40151f2769ed6fe34f8f8e1cf9fb181a3df75e17875d491f8?s=96&d=mm&r=g\",\"contentUrl\":\"https:\/\/secure.gravatar.com\/avatar\/51619ec5b6b691d40151f2769ed6fe34f8f8e1cf9fb181a3df75e17875d491f8?s=96&d=mm&r=g\",\"caption\":\"Victoriano Flores Corzo\"}}]}<\/script>\n<!-- \/ Yoast SEO plugin. -->","yoast_head_json":{"title":"\u00bfTienes listo el aire acondicionado para viajar? - El Blog Coyote","description":"El aire acondicionado es una pieza esencial de la seguridad. De cara al verano, \u00bfla llevas preparada y revisada? Si no, pasemos por taller.","robots":{"index":"index","follow":"follow","max-snippet":"max-snippet:-1","max-image-preview":"max-image-preview:large","max-video-preview":"max-video-preview:-1"},"canonical":"https:\/\/www.mycoyote.es\/blog\/comunidad-coyote\/aire-acondicionado-viajar-verano\/","og_locale":"es_ES","og_type":"article","og_title":"\u00bfTienes listo el aire acondicionado para viajar? - El Blog Coyote","og_description":"El aire acondicionado es una pieza esencial de la seguridad. De cara al verano, \u00bfla llevas preparada y revisada? Si no, pasemos por taller.","og_url":"https:\/\/www.mycoyote.es\/blog\/comunidad-coyote\/aire-acondicionado-viajar-verano\/","og_site_name":"El Blog Coyote","article_publisher":"https:\/\/www.facebook.com\/MyCoyote\/","article_published_time":"2018-08-15T07:18:14+00:00","og_image":[{"width":1064,"height":800,"url":"https:\/\/medias.coyotesystems.com\/wordpress\/sites\/18\/2018\/07\/aire-acondicionado-viajar-verano.jpg","type":"image\/jpeg"}],"author":"Victoriano Flores Corzo","twitter_card":"summary_large_image","twitter_creator":"@Coyote_ES","twitter_site":"@Coyote_ES","twitter_misc":{"Written by":"Victoriano Flores Corzo","Est. reading time":"4 minutos"},"schema":{"@context":"https:\/\/schema.org","@graph":[{"@type":"Article","@id":"https:\/\/www.mycoyote.es\/blog\/comunidad-coyote\/aire-acondicionado-viajar-verano\/#article","isPartOf":{"@id":"https:\/\/www.mycoyote.es\/blog\/comunidad-coyote\/aire-acondicionado-viajar-verano\/"},"author":{"name":"Victoriano Flores Corzo","@id":"https:\/\/www.mycoyote.es\/blog\/#\/schema\/person\/2224cb617193c1d2f9a4ce67bb4532ca"},"headline":"\u00bfTienes listo el aire acondicionado para viajar?","datePublished":"2018-08-15T07:18:14+00:00","mainEntityOfPage":{"@id":"https:\/\/www.mycoyote.es\/blog\/comunidad-coyote\/aire-acondicionado-viajar-verano\/"},"wordCount":722,"commentCount":0,"publisher":{"@id":"https:\/\/www.mycoyote.es\/blog\/#organization"},"image":{"@id":"https:\/\/www.mycoyote.es\/blog\/comunidad-coyote\/aire-acondicionado-viajar-verano\/#primaryimage"},"thumbnailUrl":"https:\/\/medias.coyotesystems.com\/wordpress\/sites\/18\/2018\/07\/aire-acondicionado-viajar-verano.jpg","keywords":["Seguridad","Tecnolog\u00eda","vacaciones"],"articleSection":["Comunidad"],"inLanguage":"es","potentialAction":[{"@type":"CommentAction","name":"Comment","target":["https:\/\/www.mycoyote.es\/blog\/comunidad-coyote\/aire-acondicionado-viajar-verano\/#respond"]}]},{"@type":"WebPage","@id":"https:\/\/www.mycoyote.es\/blog\/comunidad-coyote\/aire-acondicionado-viajar-verano\/","url":"https:\/\/www.mycoyote.es\/blog\/comunidad-coyote\/aire-acondicionado-viajar-verano\/","name":"\u00bfTienes listo el aire acondicionado para viajar? - El Blog Coyote","isPartOf":{"@id":"https:\/\/www.mycoyote.es\/blog\/#website"},"primaryImageOfPage":{"@id":"https:\/\/www.mycoyote.es\/blog\/comunidad-coyote\/aire-acondicionado-viajar-verano\/#primaryimage"},"image":{"@id":"https:\/\/www.mycoyote.es\/blog\/comunidad-coyote\/aire-acondicionado-viajar-verano\/#primaryimage"},"thumbnailUrl":"https:\/\/medias.coyotesystems.com\/wordpress\/sites\/18\/2018\/07\/aire-acondicionado-viajar-verano.jpg","datePublished":"2018-08-15T07:18:14+00:00","description":"El aire acondicionado es una pieza esencial de la seguridad. De cara al verano, \u00bfla llevas preparada y revisada? Si no, pasemos por taller.","breadcrumb":{"@id":"https:\/\/www.mycoyote.es\/blog\/comunidad-coyote\/aire-acondicionado-viajar-verano\/#breadcrumb"},"inLanguage":"es","potentialAction":[{"@type":"ReadAction","target":["https:\/\/www.mycoyote.es\/blog\/comunidad-coyote\/aire-acondicionado-viajar-verano\/"]}]},{"@type":"ImageObject","inLanguage":"es","@id":"https:\/\/www.mycoyote.es\/blog\/comunidad-coyote\/aire-acondicionado-viajar-verano\/#primaryimage","url":"https:\/\/medias.coyotesystems.com\/wordpress\/sites\/18\/2018\/07\/aire-acondicionado-viajar-verano.jpg","contentUrl":"https:\/\/medias.coyotesystems.com\/wordpress\/sites\/18\/2018\/07\/aire-acondicionado-viajar-verano.jpg","width":1064,"height":800,"caption":"aire-acondicionado-viajar-verano"},{"@type":"BreadcrumbList","@id":"https:\/\/www.mycoyote.es\/blog\/comunidad-coyote\/aire-acondicionado-viajar-verano\/#breadcrumb","itemListElement":[{"@type":"ListItem","position":1,"name":"Home","item":"https:\/\/www.mycoyote.es\/blog\/"},{"@type":"ListItem","position":2,"name":"Carretera","item":"https:\/\/www.mycoyote.es\/blog\/servicios-carretera\/"},{"@type":"ListItem","position":3,"name":"\u00bfTienes listo el aire acondicionado para viajar?"}]},{"@type":"WebSite","@id":"https:\/\/www.mycoyote.es\/blog\/#website","url":"https:\/\/www.mycoyote.es\/blog\/","name":"El Blog Coyote","description":"","publisher":{"@id":"https:\/\/www.mycoyote.es\/blog\/#organization"},"potentialAction":[{"@type":"SearchAction","target":{"@type":"EntryPoint","urlTemplate":"https:\/\/www.mycoyote.es\/blog\/?s={search_term_string}"},"query-input":{"@type":"PropertyValueSpecification","valueRequired":true,"valueName":"search_term_string"}}],"inLanguage":"es"},{"@type":"Organization","@id":"https:\/\/www.mycoyote.es\/blog\/#organization","name":"Coyote","url":"https:\/\/www.mycoyote.es\/blog\/","logo":{"@type":"ImageObject","inLanguage":"es","@id":"https:\/\/www.mycoyote.es\/blog\/#\/schema\/logo\/image\/","url":"https:\/\/medias.coyotesystems.com\/wordpress\/sites\/18\/2024\/02\/Logo-Coyote-1.png","contentUrl":"https:\/\/medias.coyotesystems.com\/wordpress\/sites\/18\/2024\/02\/Logo-Coyote-1.png","width":842,"height":263,"caption":"Coyote"},"image":{"@id":"https:\/\/www.mycoyote.es\/blog\/#\/schema\/logo\/image\/"},"sameAs":["https:\/\/www.facebook.com\/MyCoyote\/","https:\/\/x.com\/Coyote_ES","https:\/\/www.instagram.com\/coyote_es\/","https:\/\/www.youtube.com\/user\/CoyoteEspana"]},{"@type":"Person","@id":"https:\/\/www.mycoyote.es\/blog\/#\/schema\/person\/2224cb617193c1d2f9a4ce67bb4532ca","name":"Victoriano Flores Corzo","image":{"@type":"ImageObject","inLanguage":"es","@id":"https:\/\/www.mycoyote.es\/blog\/#\/schema\/person\/image\/","url":"https:\/\/secure.gravatar.com\/avatar\/51619ec5b6b691d40151f2769ed6fe34f8f8e1cf9fb181a3df75e17875d491f8?s=96&d=mm&r=g","contentUrl":"https:\/\/secure.gravatar.com\/avatar\/51619ec5b6b691d40151f2769ed6fe34f8f8e1cf9fb181a3df75e17875d491f8?s=96&d=mm&r=g","caption":"Victoriano Flores Corzo"}}]}},"_links":{"self":[{"href":"https:\/\/www.mycoyote.es\/blog\/wp-json\/wp\/v2\/posts\/4006","targetHints":{"allow":["GET"]}}],"collection":[{"href":"https:\/\/www.mycoyote.es\/blog\/wp-json\/wp\/v2\/posts"}],"about":[{"href":"https:\/\/www.mycoyote.es\/blog\/wp-json\/wp\/v2\/types\/post"}],"author":[{"embeddable":true,"href":"https:\/\/www.mycoyote.es\/blog\/wp-json\/wp\/v2\/users\/188"}],"replies":[{"embeddable":true,"href":"https:\/\/www.mycoyote.es\/blog\/wp-json\/wp\/v2\/comments?post=4006"}],"version-history":[{"count":0,"href":"https:\/\/www.mycoyote.es\/blog\/wp-json\/wp\/v2\/posts\/4006\/revisions"}],"wp:featuredmedia":[{"embeddable":true,"href":"https:\/\/www.mycoyote.es\/blog\/wp-json\/wp\/v2\/media\/4033"}],"wp:attachment":[{"href":"https:\/\/www.mycoyote.es\/blog\/wp-json\/wp\/v2\/media?parent=4006"}],"wp:term":[{"taxonomy":"category","embeddable":true,"href":"https:\/\/www.mycoyote.es\/blog\/wp-json\/wp\/v2\/categories?post=4006"},{"taxonomy":"post_tag","embeddable":true,"href":"https:\/\/www.mycoyote.es\/blog\/wp-json\/wp\/v2\/tags?post=4006"}],"curies":[{"name":"wp","href":"https:\/\/api.w.org\/{rel}","templated":true}]}}