{"id":3943,"date":"2018-07-23T06:15:40","date_gmt":"2018-07-23T05:15:40","guid":{"rendered":"https:\/\/www.mycoyote.es\/blog\/?p=3943"},"modified":"2018-07-23T06:15:40","modified_gmt":"2018-07-23T05:15:40","slug":"prioridad-servicios-emergencia-ambulancia-policia-bomberos","status":"publish","type":"post","link":"https:\/\/www.mycoyote.es\/blog\/servicios-carretera\/prioridad-servicios-emergencia-ambulancia-policia-bomberos\/","title":{"rendered":"\u00bfC\u00f3mo me comporto ante un veh\u00edculo en emergencia?"},"content":{"rendered":"<p>Conducimos y vemos por los retrovisores un veh\u00edculo en servicio de urgencia aproxim\u00e1ndose a nosotros. Un coche de polic\u00eda, un cami\u00f3n de bomberos, una ambulancia&#8230;<\/p>\n<p>De la autoescuela, sabemos que <strong>los veh\u00edculos prioritarios en servicio ante una emergencia tienen prioridad de paso<\/strong>. Pero, \u00bfqu\u00e9 tenemos que hacer en cada caso?<\/p>\n<p>En pa\u00edses como Alemania los conductores est\u00e1n obligados a dejar un carril libre en la calzada para que circulen los servicios de emergencia. Pero, \u00bfy en Espa\u00f1a? <strong>\u00bfC\u00f3mo me comporto ante un veh\u00edculo en emergencia?<\/strong><\/p>\n<p><!--more--><\/p>\n<h2>El tipo de veh\u00edculo y urgencia importan<\/h2>\n<p>En Espa\u00f1a, seg\u00fan la <a href=\"https:\/\/www.boe.es\/buscar\/act.php?id=BOE-A-2015-11722\">Ley de Tr\u00e1fico y Seguridad Vial<\/a> (LSV), los veh\u00edculos prioritarios\u00a0de vigilancia, mantenimiento, rescate y auxilio, as\u00ed como aquellos veh\u00edculos que no son de servicio p\u00fablico (ambulancias privadas) pero circulan con urgencia, <strong>tienen prioridad de paso sobre los dem\u00e1s veh\u00edculos<\/strong> y resto de usuarios de la v\u00eda.<\/p>\n<p><img loading=\"lazy\" decoding=\"async\" class=\"aligncenter size-large wp-image-3959\" src=\"https:\/\/www.mycoyote.es\/blog\/wp-content\/uploads\/2018\/07\/vehiculo-emergencia-ambulancia-que-hacer-1024x665.jpg\" alt=\"vehiculo-emergencia-ambulancia-que-hacer\" width=\"696\" height=\"452\" srcset=\"https:\/\/medias.coyotesystems.com\/wordpress\/sites\/18\/2018\/07\/vehiculo-emergencia-ambulancia-que-hacer-1024x665.jpg 1024w, https:\/\/medias.coyotesystems.com\/wordpress\/sites\/18\/2018\/07\/vehiculo-emergencia-ambulancia-que-hacer-300x195.jpg 300w, https:\/\/medias.coyotesystems.com\/wordpress\/sites\/18\/2018\/07\/vehiculo-emergencia-ambulancia-que-hacer-768x498.jpg 768w, https:\/\/medias.coyotesystems.com\/wordpress\/sites\/18\/2018\/07\/vehiculo-emergencia-ambulancia-que-hacer-1536x997.jpg 1536w, https:\/\/medias.coyotesystems.com\/wordpress\/sites\/18\/2018\/07\/vehiculo-emergencia-ambulancia-que-hacer-1568x1018.jpg 1568w, https:\/\/medias.coyotesystems.com\/wordpress\/sites\/18\/2018\/07\/vehiculo-emergencia-ambulancia-que-hacer.jpg 1900w\" sizes=\"auto, (max-width: 696px) 100vw, 696px\" \/><\/p>\n<p>Por otro lado est\u00e1n los <strong>veh\u00edculos<\/strong> <strong>no prioritarios en servicio de urgencia<\/strong>. Por ejemplo, la utilizaci\u00f3n de nuestro propio veh\u00edculo para una emergencia sanitaria. Seg\u00fan la Ley de Tr\u00e1fico y Seguridad Vial, tantos unos como otros,\u00a0<strong>estamos obligados a cumplir las normas de circulaci\u00f3n<\/strong>, con especial cuidado en intersecciones. Nada de saltarnos sem\u00e1foros. Si lo hacemos es bajo nuestra responsabilidad y pudiendo conseguir una multa por el camino.<\/p>\n<p>En ambos casos, para que la urgencia sea reconocida por el resto de conductores, debemos hacer uso de sistemas de se\u00f1alizaci\u00f3n \u00f3ptica o ac\u00fastica tanto si circulamos con un veh\u00edculo prioritario o no.\u00a0Para ello est\u00e1 la <strong>se\u00f1al luminosa<\/strong> (V-1) de uso exclusivo para los veh\u00edculos prioritarios y que podr\u00e1 utilizarse simult\u00e1neamente con el aparato emisor de <strong>se\u00f1ales ac\u00fasticas<\/strong> especiales.<\/p>\n<p>En el caso de veh\u00edculos no prioritarios, la norma les ampara a poder utilizar:<\/p>\n<ul>\n<li>el avisador ac\u00fastico (claxon) de forma intermitente;<\/li>\n<li>a conectar la luz de emergencia, si se dispusiera de ella;<\/li>\n<li>y agitar un pa\u00f1uelo o procedimiento similar para llamar la atenci\u00f3n del resto de conductores.<\/li>\n<\/ul>\n<h2>\u00bfQu\u00e9 hacer ante un veh\u00edculo en servicio de urgencia?<\/h2>\n<p><img loading=\"lazy\" decoding=\"async\" class=\"aligncenter size-full wp-image-3957\" src=\"https:\/\/www.mycoyote.es\/blog\/wp-content\/uploads\/2018\/07\/vehiculo-prioritario-que-hacer-emergencia.jpg\" alt=\"vehiculo-prioritario-que-hacer-emergencia\" width=\"700\" height=\"383\" srcset=\"https:\/\/medias.coyotesystems.com\/wordpress\/sites\/18\/2018\/07\/vehiculo-prioritario-que-hacer-emergencia.jpg 700w, https:\/\/medias.coyotesystems.com\/wordpress\/sites\/18\/2018\/07\/vehiculo-prioritario-que-hacer-emergencia-300x164.jpg 300w\" sizes=\"auto, (max-width: 700px) 100vw, 700px\" \/><\/p>\n<p>Tan pronto se perciban las se\u00f1ales explicadas en el p\u00e1rrafo anterior, anunciando la proximidad de un veh\u00edculo prioritario o veh\u00edculo no prioritario en servicio urgente,\u00a0<strong>debemos apartarnos a la derecha o detenernos si fuera preciso para facilitarles el paso<\/strong>. Eso es lo que dice el Reglamento General de Tr\u00e1fico, con algunos matices seg\u00fan la v\u00eda, como los que vemos arriba.<\/p>\n<p>\u00bfY si el veh\u00edculo prioritario se comunica con nosotros? En el v\u00eddeo de abajo vemos c\u00f3mo hemos de comportarnos si <a href=\"https:\/\/www.mycoyote.es\/blog\/servicio-radares\/velolaser-nuevos-radares-trafico\/\">la Guardia Civil<\/a> nos hace se\u00f1ales. En este caso el veh\u00edculo prioritario (motos de la Guardia Civil) no est\u00e1n solicitando paso, sino que nos detengamos:<\/p>\n<p><iframe loading=\"lazy\" title=\"C\u00f3mo detener el veh\u00edculo cuando se lo indica un agente de la Guardia Civil\" width=\"500\" height=\"281\" src=\"https:\/\/www.youtube.com\/embed\/NF97ekqBw2c?feature=oembed\" frameborder=\"0\" allow=\"accelerometer; autoplay; clipboard-write; encrypted-media; gyroscope; picture-in-picture; web-share\" referrerpolicy=\"strict-origin-when-cross-origin\" allowfullscreen><\/iframe><\/p>\n<p>No obstante, el mismo veh\u00edculo podr\u00eda avanzar hacia nosotros en servicio de emergencia. En ese caso nos aproximamos a un lateral y le dejamos paso. De lo contrario nos enfrentamos a una <strong>multa de 200 euros por no facilitar el paso a un veh\u00edculo<\/strong> (prioritario o no) que circule en servicio de urgencia.<\/p>\n<p>Recordamos que para ello han de usar se\u00f1ales que anuncien su proximidad. Si vemos una ambulancia o cami\u00f3n de bomberos sin se\u00f1ales luminosas o ac\u00fasticas, est\u00e1 circulando como nosotros y no debemos hacer nada. Ni parar ni ceder el paso.<\/p>\n<h2>\u00bfY cuando el veh\u00edculo de emergencias est\u00e1 detenido?<\/h2>\n<p>\u00bfQu\u00e9 ocurre si la ambulancia o el coche de polic\u00eda est\u00e1n <strong>en servicio de urgencia pero se encuentran detenidos<\/strong>? Por ejemplo, atendiendo un accidente en el arc\u00e9n de una autopista. (Recuerda <a href=\"https:\/\/www.mycoyote.es\/blog\/servicios-carretera\/accidente-causa-accidente-prevencion\/\">no quedarte mirando, podr\u00edas causar un segundo accidente<\/a>).<\/p>\n<p>En Espa\u00f1a no est\u00e1 regulado <a href=\"https:\/\/www.mycoyote.es\/blog\/servicios-carretera\/separacion-entre-vehiculos\/\">el espacio lateral<\/a> que hay que dejar a estos servicios. En pa\u00edses como los EEUU, por contra, darles espacio es una obligaci\u00f3n:<\/p>\n<p><iframe loading=\"lazy\" title=\"Slow Down, Move Over PSA\" width=\"500\" height=\"281\" src=\"https:\/\/www.youtube.com\/embed\/74SgAZv89wE?feature=oembed\" frameborder=\"0\" allow=\"accelerometer; autoplay; clipboard-write; encrypted-media; gyroscope; picture-in-picture; web-share\" referrerpolicy=\"strict-origin-when-cross-origin\" allowfullscreen><\/iframe><\/p>\n<p><a href=\"https:\/\/www.mycoyote.es\/blog\/servicio-radares\/radares-paises-vecinos-espana\/\">Nuestra legislaci\u00f3n no siempre coincide exactamente con la de otros pa\u00edses<\/a>, pero s\u00ed es muy similar:\u00a0<strong>ante un veh\u00edculo en servicio de urgencia, le dejamos espacio<\/strong>. En Reino Unido la maniobra para dejar paso se realiza a la izquierda, y en los EEUU los conductores pueden ser multados\u00a0por no cambiar de carril o no disminuir la velocidad cuando se aproximan a un veh\u00edculo prioritario de servicio p\u00fablico.<\/p>\n<p>En MyCoyote |\u00a0<a href=\"https:\/\/www.mycoyote.es\/blog\/servicios-carretera\/colorar-triangulos-seguridad\/\">Tri\u00e1ngulos de seguridad en carretera: as\u00ed es como se deben colocar<\/a><\/p>\n<p>Im\u00e1genes | <a href=\"https:\/\/www.istockphoto.com\/es\/foto\/madrid-de-ambulancia-gm522258941-51200798\">iStock\/robwilson39<\/a>, DGT<\/p>\n","protected":false},"excerpt":{"rendered":"<p>Conducimos y vemos por los retrovisores un veh\u00edculo en servicio de urgencia aproxim\u00e1ndose a nosotros. Un coche de polic\u00eda, un [&hellip;]<\/p>\n","protected":false},"author":188,"featured_media":3958,"comment_status":"open","ping_status":"closed","sticky":false,"template":"","format":"standard","meta":{"_acf_changed":false,"footnotes":""},"categories":[6],"tags":[62,74,58,154],"class_list":["post-3943","post","type-post","status-publish","format-standard","has-post-thumbnail","hentry","category-servicios-carretera","tag-carretera","tag-conduccion","tag-seguridad","tag-servicios"],"acf":[],"yoast_head":"<!-- This site is optimized with the Yoast SEO plugin v25.9 - https:\/\/yoast.com\/wordpress\/plugins\/seo\/ -->\n<title>\u00bfC\u00f3mo me comporto ante un veh\u00edculo en emergencia? - El Blog Coyote<\/title>\n<meta name=\"description\" content=\"Viene un veh\u00edculo de emergencia por detr\u00e1s de m\u00ed, \u00bfqu\u00e9 hago? \u00bfContin\u00fao, paro a la derecha, dejo paso? Te explicamos c\u00f3mo actuar.\" \/>\n<meta name=\"robots\" content=\"index, follow, max-snippet:-1, max-image-preview:large, max-video-preview:-1\" \/>\n<link rel=\"canonical\" href=\"https:\/\/www.mycoyote.es\/blog\/servicios-carretera\/prioridad-servicios-emergencia-ambulancia-policia-bomberos\/\" \/>\n<meta property=\"og:locale\" content=\"es_ES\" \/>\n<meta property=\"og:type\" content=\"article\" \/>\n<meta property=\"og:title\" content=\"C\u00f3mo comportarse ante un veh\u00edculo de emergencias\" \/>\n<meta property=\"og:description\" content=\"Viene un veh\u00edculo de emergencia por detr\u00e1s de m\u00ed, \u00bfqu\u00e9 hago? \u00bfContin\u00fao, paro a la derecha, dejo paso? Te explicamos c\u00f3mo actuar.\" \/>\n<meta property=\"og:url\" content=\"https:\/\/www.mycoyote.es\/blog\/servicios-carretera\/prioridad-servicios-emergencia-ambulancia-policia-bomberos\/\" \/>\n<meta property=\"og:site_name\" content=\"El Blog Coyote\" \/>\n<meta property=\"article:publisher\" content=\"https:\/\/www.facebook.com\/MyCoyote\/\" \/>\n<meta property=\"article:published_time\" content=\"2018-07-23T05:15:40+00:00\" \/>\n<meta property=\"og:image\" content=\"https:\/\/medias.coyotesystems.com\/wordpress\/sites\/18\/2018\/07\/prioridad-servicios-emergencia-ambulancia-policia-bomberos.jpg\" \/>\n\t<meta property=\"og:image:width\" content=\"1064\" \/>\n\t<meta property=\"og:image:height\" content=\"800\" \/>\n\t<meta property=\"og:image:type\" content=\"image\/jpeg\" \/>\n<meta name=\"author\" content=\"Victoriano Flores Corzo\" \/>\n<meta name=\"twitter:card\" content=\"summary_large_image\" \/>\n<meta name=\"twitter:creator\" content=\"@Coyote_ES\" \/>\n<meta name=\"twitter:site\" content=\"@Coyote_ES\" \/>\n<meta name=\"twitter:label1\" content=\"Written by\" \/>\n\t<meta name=\"twitter:data1\" content=\"Victoriano Flores Corzo\" \/>\n\t<meta name=\"twitter:label2\" content=\"Est. reading time\" \/>\n\t<meta name=\"twitter:data2\" content=\"4 minutos\" \/>\n<script type=\"application\/ld+json\" class=\"yoast-schema-graph\">{\"@context\":\"https:\/\/schema.org\",\"@graph\":[{\"@type\":\"Article\",\"@id\":\"https:\/\/www.mycoyote.es\/blog\/servicios-carretera\/prioridad-servicios-emergencia-ambulancia-policia-bomberos\/#article\",\"isPartOf\":{\"@id\":\"https:\/\/www.mycoyote.es\/blog\/servicios-carretera\/prioridad-servicios-emergencia-ambulancia-policia-bomberos\/\"},\"author\":{\"name\":\"Victoriano Flores Corzo\",\"@id\":\"https:\/\/www.mycoyote.es\/blog\/#\/schema\/person\/2224cb617193c1d2f9a4ce67bb4532ca\"},\"headline\":\"\u00bfC\u00f3mo me comporto ante un veh\u00edculo en emergencia?\",\"datePublished\":\"2018-07-23T05:15:40+00:00\",\"mainEntityOfPage\":{\"@id\":\"https:\/\/www.mycoyote.es\/blog\/servicios-carretera\/prioridad-servicios-emergencia-ambulancia-policia-bomberos\/\"},\"wordCount\":781,\"commentCount\":6,\"publisher\":{\"@id\":\"https:\/\/www.mycoyote.es\/blog\/#organization\"},\"image\":{\"@id\":\"https:\/\/www.mycoyote.es\/blog\/servicios-carretera\/prioridad-servicios-emergencia-ambulancia-policia-bomberos\/#primaryimage\"},\"thumbnailUrl\":\"https:\/\/medias.coyotesystems.com\/wordpress\/sites\/18\/2018\/07\/prioridad-servicios-emergencia-ambulancia-policia-bomberos.jpg\",\"keywords\":[\"carretera\",\"conducci\u00f3n\",\"Seguridad\",\"Servicios\"],\"articleSection\":[\"Carretera\"],\"inLanguage\":\"es\",\"potentialAction\":[{\"@type\":\"CommentAction\",\"name\":\"Comment\",\"target\":[\"https:\/\/www.mycoyote.es\/blog\/servicios-carretera\/prioridad-servicios-emergencia-ambulancia-policia-bomberos\/#respond\"]}]},{\"@type\":\"WebPage\",\"@id\":\"https:\/\/www.mycoyote.es\/blog\/servicios-carretera\/prioridad-servicios-emergencia-ambulancia-policia-bomberos\/\",\"url\":\"https:\/\/www.mycoyote.es\/blog\/servicios-carretera\/prioridad-servicios-emergencia-ambulancia-policia-bomberos\/\",\"name\":\"\u00bfC\u00f3mo me comporto ante un veh\u00edculo en emergencia? - El Blog Coyote\",\"isPartOf\":{\"@id\":\"https:\/\/www.mycoyote.es\/blog\/#website\"},\"primaryImageOfPage\":{\"@id\":\"https:\/\/www.mycoyote.es\/blog\/servicios-carretera\/prioridad-servicios-emergencia-ambulancia-policia-bomberos\/#primaryimage\"},\"image\":{\"@id\":\"https:\/\/www.mycoyote.es\/blog\/servicios-carretera\/prioridad-servicios-emergencia-ambulancia-policia-bomberos\/#primaryimage\"},\"thumbnailUrl\":\"https:\/\/medias.coyotesystems.com\/wordpress\/sites\/18\/2018\/07\/prioridad-servicios-emergencia-ambulancia-policia-bomberos.jpg\",\"datePublished\":\"2018-07-23T05:15:40+00:00\",\"description\":\"Viene un veh\u00edculo de emergencia por detr\u00e1s de m\u00ed, \u00bfqu\u00e9 hago? \u00bfContin\u00fao, paro a la derecha, dejo paso? Te explicamos c\u00f3mo actuar.\",\"breadcrumb\":{\"@id\":\"https:\/\/www.mycoyote.es\/blog\/servicios-carretera\/prioridad-servicios-emergencia-ambulancia-policia-bomberos\/#breadcrumb\"},\"inLanguage\":\"es\",\"potentialAction\":[{\"@type\":\"ReadAction\",\"target\":[\"https:\/\/www.mycoyote.es\/blog\/servicios-carretera\/prioridad-servicios-emergencia-ambulancia-policia-bomberos\/\"]}]},{\"@type\":\"ImageObject\",\"inLanguage\":\"es\",\"@id\":\"https:\/\/www.mycoyote.es\/blog\/servicios-carretera\/prioridad-servicios-emergencia-ambulancia-policia-bomberos\/#primaryimage\",\"url\":\"https:\/\/medias.coyotesystems.com\/wordpress\/sites\/18\/2018\/07\/prioridad-servicios-emergencia-ambulancia-policia-bomberos.jpg\",\"contentUrl\":\"https:\/\/medias.coyotesystems.com\/wordpress\/sites\/18\/2018\/07\/prioridad-servicios-emergencia-ambulancia-policia-bomberos.jpg\",\"width\":1064,\"height\":800,\"caption\":\"prioridad-servicios-emergencia-ambulancia-policia-bomberos\"},{\"@type\":\"BreadcrumbList\",\"@id\":\"https:\/\/www.mycoyote.es\/blog\/servicios-carretera\/prioridad-servicios-emergencia-ambulancia-policia-bomberos\/#breadcrumb\",\"itemListElement\":[{\"@type\":\"ListItem\",\"position\":1,\"name\":\"Home\",\"item\":\"https:\/\/www.mycoyote.es\/blog\/\"},{\"@type\":\"ListItem\",\"position\":2,\"name\":\"desinfectar coche\",\"item\":\"https:\/\/www.mycoyote.es\/blog\/tag\/desinfectar-coche\/\"},{\"@type\":\"ListItem\",\"position\":3,\"name\":\"\u00bfC\u00f3mo me comporto ante un veh\u00edculo en emergencia?\"}]},{\"@type\":\"WebSite\",\"@id\":\"https:\/\/www.mycoyote.es\/blog\/#website\",\"url\":\"https:\/\/www.mycoyote.es\/blog\/\",\"name\":\"El Blog Coyote\",\"description\":\"\",\"publisher\":{\"@id\":\"https:\/\/www.mycoyote.es\/blog\/#organization\"},\"potentialAction\":[{\"@type\":\"SearchAction\",\"target\":{\"@type\":\"EntryPoint\",\"urlTemplate\":\"https:\/\/www.mycoyote.es\/blog\/?s={search_term_string}\"},\"query-input\":{\"@type\":\"PropertyValueSpecification\",\"valueRequired\":true,\"valueName\":\"search_term_string\"}}],\"inLanguage\":\"es\"},{\"@type\":\"Organization\",\"@id\":\"https:\/\/www.mycoyote.es\/blog\/#organization\",\"name\":\"Coyote\",\"url\":\"https:\/\/www.mycoyote.es\/blog\/\",\"logo\":{\"@type\":\"ImageObject\",\"inLanguage\":\"es\",\"@id\":\"https:\/\/www.mycoyote.es\/blog\/#\/schema\/logo\/image\/\",\"url\":\"https:\/\/medias.coyotesystems.com\/wordpress\/sites\/18\/2024\/02\/Logo-Coyote-1.png\",\"contentUrl\":\"https:\/\/medias.coyotesystems.com\/wordpress\/sites\/18\/2024\/02\/Logo-Coyote-1.png\",\"width\":842,\"height\":263,\"caption\":\"Coyote\"},\"image\":{\"@id\":\"https:\/\/www.mycoyote.es\/blog\/#\/schema\/logo\/image\/\"},\"sameAs\":[\"https:\/\/www.facebook.com\/MyCoyote\/\",\"https:\/\/x.com\/Coyote_ES\",\"https:\/\/www.instagram.com\/coyote_es\/\",\"https:\/\/www.youtube.com\/user\/CoyoteEspana\"]},{\"@type\":\"Person\",\"@id\":\"https:\/\/www.mycoyote.es\/blog\/#\/schema\/person\/2224cb617193c1d2f9a4ce67bb4532ca\",\"name\":\"Victoriano Flores Corzo\",\"image\":{\"@type\":\"ImageObject\",\"inLanguage\":\"es\",\"@id\":\"https:\/\/www.mycoyote.es\/blog\/#\/schema\/person\/image\/\",\"url\":\"https:\/\/secure.gravatar.com\/avatar\/51619ec5b6b691d40151f2769ed6fe34f8f8e1cf9fb181a3df75e17875d491f8?s=96&d=mm&r=g\",\"contentUrl\":\"https:\/\/secure.gravatar.com\/avatar\/51619ec5b6b691d40151f2769ed6fe34f8f8e1cf9fb181a3df75e17875d491f8?s=96&d=mm&r=g\",\"caption\":\"Victoriano Flores Corzo\"}}]}<\/script>\n<!-- \/ Yoast SEO plugin. -->","yoast_head_json":{"title":"\u00bfC\u00f3mo me comporto ante un veh\u00edculo en emergencia? - El Blog Coyote","description":"Viene un veh\u00edculo de emergencia por detr\u00e1s de m\u00ed, \u00bfqu\u00e9 hago? \u00bfContin\u00fao, paro a la derecha, dejo paso? Te explicamos c\u00f3mo actuar.","robots":{"index":"index","follow":"follow","max-snippet":"max-snippet:-1","max-image-preview":"max-image-preview:large","max-video-preview":"max-video-preview:-1"},"canonical":"https:\/\/www.mycoyote.es\/blog\/servicios-carretera\/prioridad-servicios-emergencia-ambulancia-policia-bomberos\/","og_locale":"es_ES","og_type":"article","og_title":"C\u00f3mo comportarse ante un veh\u00edculo de emergencias","og_description":"Viene un veh\u00edculo de emergencia por detr\u00e1s de m\u00ed, \u00bfqu\u00e9 hago? \u00bfContin\u00fao, paro a la derecha, dejo paso? Te explicamos c\u00f3mo actuar.","og_url":"https:\/\/www.mycoyote.es\/blog\/servicios-carretera\/prioridad-servicios-emergencia-ambulancia-policia-bomberos\/","og_site_name":"El Blog Coyote","article_publisher":"https:\/\/www.facebook.com\/MyCoyote\/","article_published_time":"2018-07-23T05:15:40+00:00","og_image":[{"width":1064,"height":800,"url":"https:\/\/medias.coyotesystems.com\/wordpress\/sites\/18\/2018\/07\/prioridad-servicios-emergencia-ambulancia-policia-bomberos.jpg","type":"image\/jpeg"}],"author":"Victoriano Flores Corzo","twitter_card":"summary_large_image","twitter_creator":"@Coyote_ES","twitter_site":"@Coyote_ES","twitter_misc":{"Written by":"Victoriano Flores Corzo","Est. reading time":"4 minutos"},"schema":{"@context":"https:\/\/schema.org","@graph":[{"@type":"Article","@id":"https:\/\/www.mycoyote.es\/blog\/servicios-carretera\/prioridad-servicios-emergencia-ambulancia-policia-bomberos\/#article","isPartOf":{"@id":"https:\/\/www.mycoyote.es\/blog\/servicios-carretera\/prioridad-servicios-emergencia-ambulancia-policia-bomberos\/"},"author":{"name":"Victoriano Flores Corzo","@id":"https:\/\/www.mycoyote.es\/blog\/#\/schema\/person\/2224cb617193c1d2f9a4ce67bb4532ca"},"headline":"\u00bfC\u00f3mo me comporto ante un veh\u00edculo en emergencia?","datePublished":"2018-07-23T05:15:40+00:00","mainEntityOfPage":{"@id":"https:\/\/www.mycoyote.es\/blog\/servicios-carretera\/prioridad-servicios-emergencia-ambulancia-policia-bomberos\/"},"wordCount":781,"commentCount":6,"publisher":{"@id":"https:\/\/www.mycoyote.es\/blog\/#organization"},"image":{"@id":"https:\/\/www.mycoyote.es\/blog\/servicios-carretera\/prioridad-servicios-emergencia-ambulancia-policia-bomberos\/#primaryimage"},"thumbnailUrl":"https:\/\/medias.coyotesystems.com\/wordpress\/sites\/18\/2018\/07\/prioridad-servicios-emergencia-ambulancia-policia-bomberos.jpg","keywords":["carretera","conducci\u00f3n","Seguridad","Servicios"],"articleSection":["Carretera"],"inLanguage":"es","potentialAction":[{"@type":"CommentAction","name":"Comment","target":["https:\/\/www.mycoyote.es\/blog\/servicios-carretera\/prioridad-servicios-emergencia-ambulancia-policia-bomberos\/#respond"]}]},{"@type":"WebPage","@id":"https:\/\/www.mycoyote.es\/blog\/servicios-carretera\/prioridad-servicios-emergencia-ambulancia-policia-bomberos\/","url":"https:\/\/www.mycoyote.es\/blog\/servicios-carretera\/prioridad-servicios-emergencia-ambulancia-policia-bomberos\/","name":"\u00bfC\u00f3mo me comporto ante un veh\u00edculo en emergencia? - El Blog Coyote","isPartOf":{"@id":"https:\/\/www.mycoyote.es\/blog\/#website"},"primaryImageOfPage":{"@id":"https:\/\/www.mycoyote.es\/blog\/servicios-carretera\/prioridad-servicios-emergencia-ambulancia-policia-bomberos\/#primaryimage"},"image":{"@id":"https:\/\/www.mycoyote.es\/blog\/servicios-carretera\/prioridad-servicios-emergencia-ambulancia-policia-bomberos\/#primaryimage"},"thumbnailUrl":"https:\/\/medias.coyotesystems.com\/wordpress\/sites\/18\/2018\/07\/prioridad-servicios-emergencia-ambulancia-policia-bomberos.jpg","datePublished":"2018-07-23T05:15:40+00:00","description":"Viene un veh\u00edculo de emergencia por detr\u00e1s de m\u00ed, \u00bfqu\u00e9 hago? \u00bfContin\u00fao, paro a la derecha, dejo paso? Te explicamos c\u00f3mo actuar.","breadcrumb":{"@id":"https:\/\/www.mycoyote.es\/blog\/servicios-carretera\/prioridad-servicios-emergencia-ambulancia-policia-bomberos\/#breadcrumb"},"inLanguage":"es","potentialAction":[{"@type":"ReadAction","target":["https:\/\/www.mycoyote.es\/blog\/servicios-carretera\/prioridad-servicios-emergencia-ambulancia-policia-bomberos\/"]}]},{"@type":"ImageObject","inLanguage":"es","@id":"https:\/\/www.mycoyote.es\/blog\/servicios-carretera\/prioridad-servicios-emergencia-ambulancia-policia-bomberos\/#primaryimage","url":"https:\/\/medias.coyotesystems.com\/wordpress\/sites\/18\/2018\/07\/prioridad-servicios-emergencia-ambulancia-policia-bomberos.jpg","contentUrl":"https:\/\/medias.coyotesystems.com\/wordpress\/sites\/18\/2018\/07\/prioridad-servicios-emergencia-ambulancia-policia-bomberos.jpg","width":1064,"height":800,"caption":"prioridad-servicios-emergencia-ambulancia-policia-bomberos"},{"@type":"BreadcrumbList","@id":"https:\/\/www.mycoyote.es\/blog\/servicios-carretera\/prioridad-servicios-emergencia-ambulancia-policia-bomberos\/#breadcrumb","itemListElement":[{"@type":"ListItem","position":1,"name":"Home","item":"https:\/\/www.mycoyote.es\/blog\/"},{"@type":"ListItem","position":2,"name":"desinfectar coche","item":"https:\/\/www.mycoyote.es\/blog\/tag\/desinfectar-coche\/"},{"@type":"ListItem","position":3,"name":"\u00bfC\u00f3mo me comporto ante un veh\u00edculo en emergencia?"}]},{"@type":"WebSite","@id":"https:\/\/www.mycoyote.es\/blog\/#website","url":"https:\/\/www.mycoyote.es\/blog\/","name":"El Blog Coyote","description":"","publisher":{"@id":"https:\/\/www.mycoyote.es\/blog\/#organization"},"potentialAction":[{"@type":"SearchAction","target":{"@type":"EntryPoint","urlTemplate":"https:\/\/www.mycoyote.es\/blog\/?s={search_term_string}"},"query-input":{"@type":"PropertyValueSpecification","valueRequired":true,"valueName":"search_term_string"}}],"inLanguage":"es"},{"@type":"Organization","@id":"https:\/\/www.mycoyote.es\/blog\/#organization","name":"Coyote","url":"https:\/\/www.mycoyote.es\/blog\/","logo":{"@type":"ImageObject","inLanguage":"es","@id":"https:\/\/www.mycoyote.es\/blog\/#\/schema\/logo\/image\/","url":"https:\/\/medias.coyotesystems.com\/wordpress\/sites\/18\/2024\/02\/Logo-Coyote-1.png","contentUrl":"https:\/\/medias.coyotesystems.com\/wordpress\/sites\/18\/2024\/02\/Logo-Coyote-1.png","width":842,"height":263,"caption":"Coyote"},"image":{"@id":"https:\/\/www.mycoyote.es\/blog\/#\/schema\/logo\/image\/"},"sameAs":["https:\/\/www.facebook.com\/MyCoyote\/","https:\/\/x.com\/Coyote_ES","https:\/\/www.instagram.com\/coyote_es\/","https:\/\/www.youtube.com\/user\/CoyoteEspana"]},{"@type":"Person","@id":"https:\/\/www.mycoyote.es\/blog\/#\/schema\/person\/2224cb617193c1d2f9a4ce67bb4532ca","name":"Victoriano Flores Corzo","image":{"@type":"ImageObject","inLanguage":"es","@id":"https:\/\/www.mycoyote.es\/blog\/#\/schema\/person\/image\/","url":"https:\/\/secure.gravatar.com\/avatar\/51619ec5b6b691d40151f2769ed6fe34f8f8e1cf9fb181a3df75e17875d491f8?s=96&d=mm&r=g","contentUrl":"https:\/\/secure.gravatar.com\/avatar\/51619ec5b6b691d40151f2769ed6fe34f8f8e1cf9fb181a3df75e17875d491f8?s=96&d=mm&r=g","caption":"Victoriano Flores Corzo"}}]}},"_links":{"self":[{"href":"https:\/\/www.mycoyote.es\/blog\/wp-json\/wp\/v2\/posts\/3943","targetHints":{"allow":["GET"]}}],"collection":[{"href":"https:\/\/www.mycoyote.es\/blog\/wp-json\/wp\/v2\/posts"}],"about":[{"href":"https:\/\/www.mycoyote.es\/blog\/wp-json\/wp\/v2\/types\/post"}],"author":[{"embeddable":true,"href":"https:\/\/www.mycoyote.es\/blog\/wp-json\/wp\/v2\/users\/188"}],"replies":[{"embeddable":true,"href":"https:\/\/www.mycoyote.es\/blog\/wp-json\/wp\/v2\/comments?post=3943"}],"version-history":[{"count":0,"href":"https:\/\/www.mycoyote.es\/blog\/wp-json\/wp\/v2\/posts\/3943\/revisions"}],"wp:featuredmedia":[{"embeddable":true,"href":"https:\/\/www.mycoyote.es\/blog\/wp-json\/wp\/v2\/media\/3958"}],"wp:attachment":[{"href":"https:\/\/www.mycoyote.es\/blog\/wp-json\/wp\/v2\/media?parent=3943"}],"wp:term":[{"taxonomy":"category","embeddable":true,"href":"https:\/\/www.mycoyote.es\/blog\/wp-json\/wp\/v2\/categories?post=3943"},{"taxonomy":"post_tag","embeddable":true,"href":"https:\/\/www.mycoyote.es\/blog\/wp-json\/wp\/v2\/tags?post=3943"}],"curies":[{"name":"wp","href":"https:\/\/api.w.org\/{rel}","templated":true}]}}