{"id":2388,"date":"2017-06-13T14:25:25","date_gmt":"2017-06-13T13:25:25","guid":{"rendered":"https:\/\/www.mycoyote.es\/blog\/?p=2388"},"modified":"2017-06-13T14:25:25","modified_gmt":"2017-06-13T13:25:25","slug":"amaxofobia","status":"publish","type":"post","link":"https:\/\/www.mycoyote.es\/blog\/noticias\/amaxofobia\/","title":{"rendered":"Amaxofobia o por qu\u00e9 todos conocemos a alguien al que le da miedo conducir"},"content":{"rendered":"<p>&nbsp;<\/p>\n<p>La <strong>amaxofobia<\/strong>, el <strong>miedo irracional a conducir<\/strong> o a montar en un veh\u00edculo, es m\u00e1s frecuente de lo que pensamos. Se estima que en Espa\u00f1a <a href=\"http:\/\/motor.elpais.com\/conducir\/amaxofobia-miedo-conducir\/\" target=\"_blank\" rel=\"noopener\">afecta a cerca del 22% de los conductores<\/a> (asciende al 33% con mal tiempo), que sienten ansiedad, se bloquean al volante o incluso se ven incapaces de subir a un veh\u00edculo o arrancarlo.<\/p>\n<p>Teniendo en cuenta que el <strong>19% de los espa\u00f1oles abandonan la actividad de conducir debido a ello<\/strong>, hablamos de un problema de cierta magnitud. \u00bfQu\u00e9 hay detr\u00e1s de esta fobia? \u00bfC\u00f3mo se desencadena y qu\u00e9 implica? Y, quiz\u00e1 m\u00e1s importante, <strong>\u00bfse puede perder el miedo a conducir?<\/strong><!--more--><\/p>\n<h2>\u00bfPor qu\u00e9 aparece la amaxofobia?<\/h2>\n<p>A diferencia de lo que se puede pensar, la amaxofobia <strong>no tiene por qu\u00e9 surgir de un desencadenante concreto<\/strong>. Por ejemplo, un accidente en carretera vivido en primera persona o a trav\u00e9s de un conocido, aunque esto sea frecuente.<\/p>\n<p>Como nos comenta Mar, ella sufre esta fobia desde hace dos d\u00e9cadas, desde que se tuvo que poner al volante de un veh\u00edculo para sacarse el carn\u00e9 de conducir. En su caso, achaca el miedo a la <strong>incertidumbre en la carretera<\/strong>.<\/p>\n<p>\u00abPorque no tengo el control absoluto de la situaci\u00f3n [&#8230;]. No controlo la m\u00e1quina [&#8230;] y jam\u00e1s he sentido que el coche me <em>pidiese <\/em>nada [como cambiar de marcha o acelerar a la hora de adelantar]. Y a esto a\u00f1adimos que tampoco controlo lo que hacen los dem\u00e1s conductores y\/o peatones, as\u00ed que no puedo confiar en que vayan a hacerlo bien y que a consecuencia de ello yo me vea envuelta en situaciones de las que no se salir\u00bb, explica.<\/p>\n<p>Mientras tanto,\u00a0Ver\u00f3nica\u00a0nos cuenta que en su caso si que <strong>hubo\u00a0un desencadenante<\/strong>, aunque ella no iba en el veh\u00edculo que sufri\u00f3 el accidente: \u00abUn conocido realiz\u00f3 un viaje largo para ver a mi familia, de noche. Era algo no programado, y ten\u00eda que volver al d\u00eda siguiente para trabajar. De madrugada, intentando esquivar un coche mal se\u00f1alizado en el and\u00e9n, sufri\u00f3 un accidente. Nada grave, pero el miedo es dif\u00edcil de sacar cuando ya se te ha metido dentro. No conduzco desde entonces\u00bb.<\/p>\n<h2>\u00bfC\u00f3mo afecta a los conductores la amaxofobia?<\/h2>\n<p>En el caso de nuestras dos entrevistadas, han dejado de ponerse al volante. Y no es algo aislado. En <a href=\"http:\/\/www.attitudes.org\/wp-content\/download\/cuadernos_de_reflexion\/16_La_ansiedad_y_su_influencia_en_los_conductores_espanoles.pdf\" target=\"_blank\" rel=\"noopener\">un estudio sobre la ansiedad de los conductores<\/a>\u00a0se subrayaba\u00a0que \u00abla amaxofobia lleva <strong>a abandonar la conducci\u00f3n totalmente<\/strong>\u00a0<strong>o a no conducir en circunstancias concretas<\/strong>, como por ejemplo de noche o en grandes ciudades\u00bb.<\/p>\n<p>Esto supone <strong>perder autonom\u00eda e independencia<\/strong> como persona, pero tambi\u00e9n depender de colegas del trabajo, familiares y amigos para muchos desplazamientos. Incluso entonces resulta complicado encontrar personas de las que confiar al volante.<\/p>\n<p><a href=\"https:\/\/www.mycoyote.es\/blog\/wp-content\/uploads\/2017\/06\/iStock-528955272.jpg\"><img loading=\"lazy\" decoding=\"async\" class=\"alignnone size-large wp-image-2391\" src=\"https:\/\/www.mycoyote.es\/blog\/wp-content\/uploads\/2017\/06\/iStock-528955272-1024x683.jpg\" alt=\"amaxofobia miedo a conducir coches\" width=\"720\" height=\"480\" srcset=\"https:\/\/medias.coyotesystems.com\/wordpress\/sites\/18\/2017\/06\/iStock-528955272-1024x683.jpg 1024w, https:\/\/medias.coyotesystems.com\/wordpress\/sites\/18\/2017\/06\/iStock-528955272-300x200.jpg 300w, https:\/\/medias.coyotesystems.com\/wordpress\/sites\/18\/2017\/06\/iStock-528955272-768x512.jpg 768w, https:\/\/medias.coyotesystems.com\/wordpress\/sites\/18\/2017\/06\/iStock-528955272.jpg 1254w\" sizes=\"auto, (max-width: 720px) 100vw, 720px\" \/><\/a><\/p>\n<p>\u00abSiempre termino los viajes con contracturas de la tensi\u00f3n. En general no tengo problemas para ir de copiloto, pero <strong>hay conductores de los que me f\u00edo m\u00e1s que de otros<\/strong>\u00bb, nos comenta Mar\u00eda. Ver\u00f3nica opina algo similar: \u00abMi novio, mi hermana y mi padre, en ese orden (porque mi padre pisa un poco el acelerador, algo que no me viene nada bien), y a mi hermana le pasa un poco como a m\u00ed.\u00bb<\/p>\n<h2>\u00bfHay soluci\u00f3n para la amaxofobia?<\/h2>\n<p>Como toda fobia, <strong>existe soluci\u00f3n<\/strong>. En caso de necesidad, siempre podemos <strong>recurrir a un experto en psicolog\u00eda<\/strong> para que nos ayude con el problema. De hecho, es frecuente en aquellas personas que necesitan s\u00ed o s\u00ed hacer uso del veh\u00edculo,\u00a0<a href=\"https:\/\/www.mycoyote.es\/blog\/trabajas-conduciendo-entonces-necesitas-un-navegador-con-avisos\/\" target=\"_blank\" rel=\"noopener\">como los profesionales de la conducci\u00f3n<\/a>.<\/p>\n<p>Una alternativa es hacer un repaso personal de los motivos por los cuales tenemos p\u00e1nico a conducir. Es decir, <strong>localizar esos miedos y hacerles frente<\/strong> de un modo racional, algo que ayuda a atacar las fobias o cortarlas de ra\u00edz.<\/p>\n<p>Desterrar miedos infundados tales como \u00abVoy a tener un accidente\u00bb u otros mucho menos graves pero m\u00e1s frecuentes (\u00abMe van a pitar\u00bb o \u00abSe me va a calar el coche\u00bb) es un principio. Demostr\u00e1rselo uno mismo al volante es el siguiente paso.<\/p>\n<p><span style=\"font-weight: 400\">\u00bfOtros? Aceptar ayuda, comenzar con un copiloto de confianza que nos ayude a tomar decisiones al volante o usar una <a href=\"https:\/\/www.mycoyote.es\/blog\/elegir-un-avisador\/\" target=\"_blank\" rel=\"noopener\">tecnolog\u00eda de avisos de incidencias en carretera como Coyote<\/a>, que nos permita saber con antelaci\u00f3n qu\u00e9 ocurre y as\u00ed poder adaptarnos con tranquilidad a la situaci\u00f3n.<\/span><\/p>\n<p>Hay que tener en mente que la gran mayor\u00eda de la poblaci\u00f3n ni ha tenido ni tendr\u00e1 nunca un accidente de tr\u00e1fico. Y tampoco se ver\u00e1 inmersa en una situaci\u00f3n peliaguda que requiera m\u00e1s pericia que la que otorga <a href=\"https:\/\/www.mycoyote.es\/blog\/perdida-puntos-carne-de-conducir\/\" target=\"_blank\" rel=\"noopener\">el carn\u00e9 por puntos<\/a>. Hechos dif\u00edciles de ver desde la amaxofobia, que <strong>requieren de una confianza que a menudo se tiene en falta<\/strong>.<\/p>\n<h2>Reforzando la confianza al volante<\/h2>\n<p>Las t\u00e9cnicas de <strong>relajaci\u00f3n<\/strong>, la <strong>vuelta a la autoescuela<\/strong> o <strong>afrontar el problema de manera gradual<\/strong> (por ejemplo, conduciendo primero por zonas conocidas y poco concurridas) son algunos de los consejos que los especialistas suelen dar en estos casos. Incluso hay <a href=\"http:\/\/revista.dgt.es\/es\/multimedia\/infografia\/2017\/0117amaxofobia-asi-se-cura.shtml#.WT11gmjyhEY\" target=\"_blank\" rel=\"noopener\">t\u00e9cnicas de realidad virtual para ayudar<\/a>.<\/p>\n<p>Es importante <strong>reforzar la autoestima<\/strong>, y se recomienda hacerlo de manera controlada. Por eso funciona tambi\u00e9n realizar los trayectos con personas de nuestra confianza, sabedores que a unas malas podr\u00e1n realizar el camino de vuelta; o informarnos de las condiciones de la v\u00eda antes de salir.<\/p>\n<p><a href=\"https:\/\/www.mycoyote.es\/blog\/wp-content\/uploads\/2017\/06\/iStock-486424778.jpg\"><img loading=\"lazy\" decoding=\"async\" class=\"alignnone size-large wp-image-2390\" src=\"https:\/\/www.mycoyote.es\/blog\/wp-content\/uploads\/2017\/06\/iStock-486424778-1024x682.jpg\" alt=\"amaxofobia tiene soluci\u00f3n\" width=\"720\" height=\"480\" srcset=\"https:\/\/medias.coyotesystems.com\/wordpress\/sites\/18\/2017\/06\/iStock-486424778-1024x682.jpg 1024w, https:\/\/medias.coyotesystems.com\/wordpress\/sites\/18\/2017\/06\/iStock-486424778-300x200.jpg 300w, https:\/\/medias.coyotesystems.com\/wordpress\/sites\/18\/2017\/06\/iStock-486424778-768x512.jpg 768w, https:\/\/medias.coyotesystems.com\/wordpress\/sites\/18\/2017\/06\/iStock-486424778.jpg 1255w\" sizes=\"auto, (max-width: 720px) 100vw, 720px\" \/><\/a><\/p>\n<p>Si la incertidumbre pesa en nuestra contra, el objetivo es <strong>eludirla con datos tangibles<\/strong>: por un lado, darnos cuenta de que seguimos sumando kil\u00f3metros y horas al volante sin que pase nada grave; por otro, conocer lo que ocurre en la carretera antes de ponernos al volante.<\/p>\n<p>Saber de antemano que <a href=\"https:\/\/www.mycoyote.es\/blog\/las-trampas-de-la-carretera\/\" target=\"_blank\" rel=\"noopener\">no nos toparemos con ninguna trampa en la carretera<\/a> es sin duda un punto de anclaje mental importante a la hora de superar la amaxofobia. El saber que incluso cuando haya sorpresas estaremos <strong>informados unos cuantos kil\u00f3metros antes<\/strong>, tambi\u00e9n.<\/p>\n<p>Aunque los veh\u00edculos aut\u00f3nomos se perfilan como objetos inteligentes que nos salvar\u00e1n de estos miedos presentes, todav\u00eda queda tiempo para que los veamos en nuestras carreteras. Tendremos que prepararnos por nosotros mismos, sin olvidarnos de que existen a nuestra disposici\u00f3n <a href=\"https:\/\/www.mycoyote.es\/es\/products-es.html\" target=\"_blank\" rel=\"noopener\">servicios como los de Coyote<\/a>, que nos ayudan a anticipar lo que nos espera en la carretera y a sentirnos m\u00e1s seguros al volante.<\/p>\n<p>Como toda fobia, <strong>la amaxofobia tiene un origen<\/strong> (aunque hemos visto que no tiene por qu\u00e9 ser puntual) <strong>y puede tener un final<\/strong>. Salir a la carretera preparados con toda la informaci\u00f3n que necesitamos para conducir supone una ayuda extra a la hora de superarlo. Y la <a href=\"https:\/\/www.mycoyote.es\/blog\/indice-de-confianza-coyote\/\">confianza <\/a>es un factor clave.<\/p>\n<p>En Coyote | <a href=\"https:\/\/www.mycoyote.es\/blog\/como-interpretar-las-alertas-coyote-imprevistos\/\" target=\"_blank\" rel=\"noopener\">Coyote: la mejor ayuda ante imprevistos<\/a><\/p>\n<p>Im\u00e1genes | <a href=\"http:\/\/www.istockphoto.com\/es\/foto\/scared-man-driver-in-car-inexperienced-anxious-motorist-gm586708650-100706091\">iStock\/Slphotography<\/a>, <a href=\"http:\/\/www.istockphoto.com\/es\/foto\/controlador-de-tensi%C3%B3n-mujer-gm528955272-93155409\">iStock\/kieferpix<\/a>, <a href=\"http:\/\/www.istockphoto.com\/es\/foto\/conducci%C3%B3n-y-sostiene-el-volante-gm486424778-72539277\">iStock\/m-gucci<\/a><\/p>\n","protected":false},"excerpt":{"rendered":"<p>&nbsp; La amaxofobia, el miedo irracional a conducir o a montar en un veh\u00edculo, es m\u00e1s frecuente de lo que [&hellip;]<\/p>\n","protected":false},"author":182,"featured_media":2392,"comment_status":"open","ping_status":"closed","sticky":false,"template":"","format":"standard","meta":{"_acf_changed":false,"footnotes":""},"categories":[16],"tags":[42,44],"class_list":["post-2388","post","type-post","status-publish","format-standard","has-post-thumbnail","hentry","category-noticias","tag-accidentes","tag-conducir"],"acf":[],"yoast_head":"<!-- This site is optimized with the Yoast SEO plugin v25.9 - https:\/\/yoast.com\/wordpress\/plugins\/seo\/ -->\n<title>Amaxofobia: todos conocemos a alguien al que le da miedo conducir<\/title>\n<meta name=\"description\" content=\"La amaxofobia, el miedo irracional a conducir o a montar en un veh\u00edculo, es un problema frecuente en los conductores, pero tiene soluci\u00f3n.\" \/>\n<meta name=\"robots\" content=\"index, follow, max-snippet:-1, max-image-preview:large, max-video-preview:-1\" \/>\n<link rel=\"canonical\" href=\"https:\/\/www.mycoyote.es\/blog\/noticias\/amaxofobia\/\" \/>\n<meta property=\"og:locale\" content=\"es_ES\" \/>\n<meta property=\"og:type\" content=\"article\" \/>\n<meta property=\"og:title\" content=\"Amaxofobia: todos conocemos a alguien al que le da miedo conducir\" \/>\n<meta property=\"og:description\" content=\"La amaxofobia, el miedo irracional a conducir o a montar en un veh\u00edculo, es un problema frecuente en los conductores, pero tiene soluci\u00f3n.\" \/>\n<meta property=\"og:url\" content=\"https:\/\/www.mycoyote.es\/blog\/noticias\/amaxofobia\/\" \/>\n<meta property=\"og:site_name\" content=\"El Blog Coyote\" \/>\n<meta property=\"article:publisher\" content=\"https:\/\/www.facebook.com\/MyCoyote\/\" \/>\n<meta property=\"article:published_time\" content=\"2017-06-13T13:25:25+00:00\" \/>\n<meta property=\"og:image\" content=\"https:\/\/medias.coyotesystems.com\/wordpress\/sites\/18\/2017\/06\/iStock-586708650-1.jpg\" \/>\n\t<meta property=\"og:image:width\" content=\"1254\" \/>\n\t<meta property=\"og:image:height\" content=\"836\" \/>\n\t<meta property=\"og:image:type\" content=\"image\/jpeg\" \/>\n<meta name=\"author\" content=\"Marcos Mart\u00ednez\" \/>\n<meta name=\"twitter:card\" content=\"summary_large_image\" \/>\n<meta name=\"twitter:creator\" content=\"@https:\/\/twitter.com\/euklidiadas\" \/>\n<meta name=\"twitter:site\" content=\"@Coyote_ES\" \/>\n<meta name=\"twitter:label1\" content=\"Written by\" \/>\n\t<meta name=\"twitter:data1\" content=\"Marcos Mart\u00ednez\" \/>\n\t<meta name=\"twitter:label2\" content=\"Est. reading time\" \/>\n\t<meta name=\"twitter:data2\" content=\"6 minutos\" \/>\n<script type=\"application\/ld+json\" class=\"yoast-schema-graph\">{\"@context\":\"https:\/\/schema.org\",\"@graph\":[{\"@type\":\"Article\",\"@id\":\"https:\/\/www.mycoyote.es\/blog\/noticias\/amaxofobia\/#article\",\"isPartOf\":{\"@id\":\"https:\/\/www.mycoyote.es\/blog\/noticias\/amaxofobia\/\"},\"author\":{\"name\":\"Marcos Mart\u00ednez\",\"@id\":\"https:\/\/www.mycoyote.es\/blog\/#\/schema\/person\/d6522fb0957058b257ad6b5e88b59f02\"},\"headline\":\"Amaxofobia o por qu\u00e9 todos conocemos a alguien al que le da miedo conducir\",\"datePublished\":\"2017-06-13T13:25:25+00:00\",\"mainEntityOfPage\":{\"@id\":\"https:\/\/www.mycoyote.es\/blog\/noticias\/amaxofobia\/\"},\"wordCount\":1161,\"commentCount\":0,\"publisher\":{\"@id\":\"https:\/\/www.mycoyote.es\/blog\/#organization\"},\"image\":{\"@id\":\"https:\/\/www.mycoyote.es\/blog\/noticias\/amaxofobia\/#primaryimage\"},\"thumbnailUrl\":\"https:\/\/medias.coyotesystems.com\/wordpress\/sites\/18\/2017\/06\/iStock-586708650-1.jpg\",\"keywords\":[\"accidentes\",\"Conducir\"],\"articleSection\":[\"Noticias\"],\"inLanguage\":\"es\",\"potentialAction\":[{\"@type\":\"CommentAction\",\"name\":\"Comment\",\"target\":[\"https:\/\/www.mycoyote.es\/blog\/noticias\/amaxofobia\/#respond\"]}]},{\"@type\":\"WebPage\",\"@id\":\"https:\/\/www.mycoyote.es\/blog\/noticias\/amaxofobia\/\",\"url\":\"https:\/\/www.mycoyote.es\/blog\/noticias\/amaxofobia\/\",\"name\":\"Amaxofobia: todos conocemos a alguien al que le da miedo conducir\",\"isPartOf\":{\"@id\":\"https:\/\/www.mycoyote.es\/blog\/#website\"},\"primaryImageOfPage\":{\"@id\":\"https:\/\/www.mycoyote.es\/blog\/noticias\/amaxofobia\/#primaryimage\"},\"image\":{\"@id\":\"https:\/\/www.mycoyote.es\/blog\/noticias\/amaxofobia\/#primaryimage\"},\"thumbnailUrl\":\"https:\/\/medias.coyotesystems.com\/wordpress\/sites\/18\/2017\/06\/iStock-586708650-1.jpg\",\"datePublished\":\"2017-06-13T13:25:25+00:00\",\"description\":\"La amaxofobia, el miedo irracional a conducir o a montar en un veh\u00edculo, es un problema frecuente en los conductores, pero tiene soluci\u00f3n.\",\"breadcrumb\":{\"@id\":\"https:\/\/www.mycoyote.es\/blog\/noticias\/amaxofobia\/#breadcrumb\"},\"inLanguage\":\"es\",\"potentialAction\":[{\"@type\":\"ReadAction\",\"target\":[\"https:\/\/www.mycoyote.es\/blog\/noticias\/amaxofobia\/\"]}]},{\"@type\":\"ImageObject\",\"inLanguage\":\"es\",\"@id\":\"https:\/\/www.mycoyote.es\/blog\/noticias\/amaxofobia\/#primaryimage\",\"url\":\"https:\/\/medias.coyotesystems.com\/wordpress\/sites\/18\/2017\/06\/iStock-586708650-1.jpg\",\"contentUrl\":\"https:\/\/medias.coyotesystems.com\/wordpress\/sites\/18\/2017\/06\/iStock-586708650-1.jpg\",\"width\":1254,\"height\":836,\"caption\":\"amaxofobia miedo a conducir\"},{\"@type\":\"BreadcrumbList\",\"@id\":\"https:\/\/www.mycoyote.es\/blog\/noticias\/amaxofobia\/#breadcrumb\",\"itemListElement\":[{\"@type\":\"ListItem\",\"position\":1,\"name\":\"Home\",\"item\":\"https:\/\/www.mycoyote.es\/blog\/\"},{\"@type\":\"ListItem\",\"position\":2,\"name\":\"Radares\",\"item\":\"https:\/\/www.mycoyote.es\/blog\/servicio-radares\/\"},{\"@type\":\"ListItem\",\"position\":3,\"name\":\"Amaxofobia o por qu\u00e9 todos conocemos a alguien al que le da miedo conducir\"}]},{\"@type\":\"WebSite\",\"@id\":\"https:\/\/www.mycoyote.es\/blog\/#website\",\"url\":\"https:\/\/www.mycoyote.es\/blog\/\",\"name\":\"El Blog Coyote\",\"description\":\"\",\"publisher\":{\"@id\":\"https:\/\/www.mycoyote.es\/blog\/#organization\"},\"potentialAction\":[{\"@type\":\"SearchAction\",\"target\":{\"@type\":\"EntryPoint\",\"urlTemplate\":\"https:\/\/www.mycoyote.es\/blog\/?s={search_term_string}\"},\"query-input\":{\"@type\":\"PropertyValueSpecification\",\"valueRequired\":true,\"valueName\":\"search_term_string\"}}],\"inLanguage\":\"es\"},{\"@type\":\"Organization\",\"@id\":\"https:\/\/www.mycoyote.es\/blog\/#organization\",\"name\":\"Coyote\",\"url\":\"https:\/\/www.mycoyote.es\/blog\/\",\"logo\":{\"@type\":\"ImageObject\",\"inLanguage\":\"es\",\"@id\":\"https:\/\/www.mycoyote.es\/blog\/#\/schema\/logo\/image\/\",\"url\":\"https:\/\/medias.coyotesystems.com\/wordpress\/sites\/18\/2024\/02\/Logo-Coyote-1.png\",\"contentUrl\":\"https:\/\/medias.coyotesystems.com\/wordpress\/sites\/18\/2024\/02\/Logo-Coyote-1.png\",\"width\":842,\"height\":263,\"caption\":\"Coyote\"},\"image\":{\"@id\":\"https:\/\/www.mycoyote.es\/blog\/#\/schema\/logo\/image\/\"},\"sameAs\":[\"https:\/\/www.facebook.com\/MyCoyote\/\",\"https:\/\/x.com\/Coyote_ES\",\"https:\/\/www.instagram.com\/coyote_es\/\",\"https:\/\/www.youtube.com\/user\/CoyoteEspana\"]},{\"@type\":\"Person\",\"@id\":\"https:\/\/www.mycoyote.es\/blog\/#\/schema\/person\/d6522fb0957058b257ad6b5e88b59f02\",\"name\":\"Marcos Mart\u00ednez\",\"image\":{\"@type\":\"ImageObject\",\"inLanguage\":\"es\",\"@id\":\"https:\/\/www.mycoyote.es\/blog\/#\/schema\/person\/image\/\",\"url\":\"https:\/\/secure.gravatar.com\/avatar\/47a3005aa22e478b5b37fc6076cd2036eab76dc6f49f1dc6c9b8e9d550cdf950?s=96&d=mm&r=g\",\"contentUrl\":\"https:\/\/secure.gravatar.com\/avatar\/47a3005aa22e478b5b37fc6076cd2036eab76dc6f49f1dc6c9b8e9d550cdf950?s=96&d=mm&r=g\",\"caption\":\"Marcos Mart\u00ednez\"},\"description\":\"Ingeniero por azar, autor por vocaci\u00f3n y redactor de contenidos sin querer. Amante de la tecnolog\u00eda, porque nos llevar\u00e1 donde nunca hemos estado antes.\",\"sameAs\":[\"http:\/\/www.marcosmartinez.me\",\"https:\/\/bit.ly\/2MyrRbA\",\"https:\/\/x.com\/https:\/\/twitter.com\/euklidiadas\"]}]}<\/script>\n<!-- \/ Yoast SEO plugin. -->","yoast_head_json":{"title":"Amaxofobia: todos conocemos a alguien al que le da miedo conducir","description":"La amaxofobia, el miedo irracional a conducir o a montar en un veh\u00edculo, es un problema frecuente en los conductores, pero tiene soluci\u00f3n.","robots":{"index":"index","follow":"follow","max-snippet":"max-snippet:-1","max-image-preview":"max-image-preview:large","max-video-preview":"max-video-preview:-1"},"canonical":"https:\/\/www.mycoyote.es\/blog\/noticias\/amaxofobia\/","og_locale":"es_ES","og_type":"article","og_title":"Amaxofobia: todos conocemos a alguien al que le da miedo conducir","og_description":"La amaxofobia, el miedo irracional a conducir o a montar en un veh\u00edculo, es un problema frecuente en los conductores, pero tiene soluci\u00f3n.","og_url":"https:\/\/www.mycoyote.es\/blog\/noticias\/amaxofobia\/","og_site_name":"El Blog Coyote","article_publisher":"https:\/\/www.facebook.com\/MyCoyote\/","article_published_time":"2017-06-13T13:25:25+00:00","og_image":[{"width":1254,"height":836,"url":"https:\/\/medias.coyotesystems.com\/wordpress\/sites\/18\/2017\/06\/iStock-586708650-1.jpg","type":"image\/jpeg"}],"author":"Marcos Mart\u00ednez","twitter_card":"summary_large_image","twitter_creator":"@https:\/\/twitter.com\/euklidiadas","twitter_site":"@Coyote_ES","twitter_misc":{"Written by":"Marcos Mart\u00ednez","Est. reading time":"6 minutos"},"schema":{"@context":"https:\/\/schema.org","@graph":[{"@type":"Article","@id":"https:\/\/www.mycoyote.es\/blog\/noticias\/amaxofobia\/#article","isPartOf":{"@id":"https:\/\/www.mycoyote.es\/blog\/noticias\/amaxofobia\/"},"author":{"name":"Marcos Mart\u00ednez","@id":"https:\/\/www.mycoyote.es\/blog\/#\/schema\/person\/d6522fb0957058b257ad6b5e88b59f02"},"headline":"Amaxofobia o por qu\u00e9 todos conocemos a alguien al que le da miedo conducir","datePublished":"2017-06-13T13:25:25+00:00","mainEntityOfPage":{"@id":"https:\/\/www.mycoyote.es\/blog\/noticias\/amaxofobia\/"},"wordCount":1161,"commentCount":0,"publisher":{"@id":"https:\/\/www.mycoyote.es\/blog\/#organization"},"image":{"@id":"https:\/\/www.mycoyote.es\/blog\/noticias\/amaxofobia\/#primaryimage"},"thumbnailUrl":"https:\/\/medias.coyotesystems.com\/wordpress\/sites\/18\/2017\/06\/iStock-586708650-1.jpg","keywords":["accidentes","Conducir"],"articleSection":["Noticias"],"inLanguage":"es","potentialAction":[{"@type":"CommentAction","name":"Comment","target":["https:\/\/www.mycoyote.es\/blog\/noticias\/amaxofobia\/#respond"]}]},{"@type":"WebPage","@id":"https:\/\/www.mycoyote.es\/blog\/noticias\/amaxofobia\/","url":"https:\/\/www.mycoyote.es\/blog\/noticias\/amaxofobia\/","name":"Amaxofobia: todos conocemos a alguien al que le da miedo conducir","isPartOf":{"@id":"https:\/\/www.mycoyote.es\/blog\/#website"},"primaryImageOfPage":{"@id":"https:\/\/www.mycoyote.es\/blog\/noticias\/amaxofobia\/#primaryimage"},"image":{"@id":"https:\/\/www.mycoyote.es\/blog\/noticias\/amaxofobia\/#primaryimage"},"thumbnailUrl":"https:\/\/medias.coyotesystems.com\/wordpress\/sites\/18\/2017\/06\/iStock-586708650-1.jpg","datePublished":"2017-06-13T13:25:25+00:00","description":"La amaxofobia, el miedo irracional a conducir o a montar en un veh\u00edculo, es un problema frecuente en los conductores, pero tiene soluci\u00f3n.","breadcrumb":{"@id":"https:\/\/www.mycoyote.es\/blog\/noticias\/amaxofobia\/#breadcrumb"},"inLanguage":"es","potentialAction":[{"@type":"ReadAction","target":["https:\/\/www.mycoyote.es\/blog\/noticias\/amaxofobia\/"]}]},{"@type":"ImageObject","inLanguage":"es","@id":"https:\/\/www.mycoyote.es\/blog\/noticias\/amaxofobia\/#primaryimage","url":"https:\/\/medias.coyotesystems.com\/wordpress\/sites\/18\/2017\/06\/iStock-586708650-1.jpg","contentUrl":"https:\/\/medias.coyotesystems.com\/wordpress\/sites\/18\/2017\/06\/iStock-586708650-1.jpg","width":1254,"height":836,"caption":"amaxofobia miedo a conducir"},{"@type":"BreadcrumbList","@id":"https:\/\/www.mycoyote.es\/blog\/noticias\/amaxofobia\/#breadcrumb","itemListElement":[{"@type":"ListItem","position":1,"name":"Home","item":"https:\/\/www.mycoyote.es\/blog\/"},{"@type":"ListItem","position":2,"name":"Radares","item":"https:\/\/www.mycoyote.es\/blog\/servicio-radares\/"},{"@type":"ListItem","position":3,"name":"Amaxofobia o por qu\u00e9 todos conocemos a alguien al que le da miedo conducir"}]},{"@type":"WebSite","@id":"https:\/\/www.mycoyote.es\/blog\/#website","url":"https:\/\/www.mycoyote.es\/blog\/","name":"El Blog Coyote","description":"","publisher":{"@id":"https:\/\/www.mycoyote.es\/blog\/#organization"},"potentialAction":[{"@type":"SearchAction","target":{"@type":"EntryPoint","urlTemplate":"https:\/\/www.mycoyote.es\/blog\/?s={search_term_string}"},"query-input":{"@type":"PropertyValueSpecification","valueRequired":true,"valueName":"search_term_string"}}],"inLanguage":"es"},{"@type":"Organization","@id":"https:\/\/www.mycoyote.es\/blog\/#organization","name":"Coyote","url":"https:\/\/www.mycoyote.es\/blog\/","logo":{"@type":"ImageObject","inLanguage":"es","@id":"https:\/\/www.mycoyote.es\/blog\/#\/schema\/logo\/image\/","url":"https:\/\/medias.coyotesystems.com\/wordpress\/sites\/18\/2024\/02\/Logo-Coyote-1.png","contentUrl":"https:\/\/medias.coyotesystems.com\/wordpress\/sites\/18\/2024\/02\/Logo-Coyote-1.png","width":842,"height":263,"caption":"Coyote"},"image":{"@id":"https:\/\/www.mycoyote.es\/blog\/#\/schema\/logo\/image\/"},"sameAs":["https:\/\/www.facebook.com\/MyCoyote\/","https:\/\/x.com\/Coyote_ES","https:\/\/www.instagram.com\/coyote_es\/","https:\/\/www.youtube.com\/user\/CoyoteEspana"]},{"@type":"Person","@id":"https:\/\/www.mycoyote.es\/blog\/#\/schema\/person\/d6522fb0957058b257ad6b5e88b59f02","name":"Marcos Mart\u00ednez","image":{"@type":"ImageObject","inLanguage":"es","@id":"https:\/\/www.mycoyote.es\/blog\/#\/schema\/person\/image\/","url":"https:\/\/secure.gravatar.com\/avatar\/47a3005aa22e478b5b37fc6076cd2036eab76dc6f49f1dc6c9b8e9d550cdf950?s=96&d=mm&r=g","contentUrl":"https:\/\/secure.gravatar.com\/avatar\/47a3005aa22e478b5b37fc6076cd2036eab76dc6f49f1dc6c9b8e9d550cdf950?s=96&d=mm&r=g","caption":"Marcos Mart\u00ednez"},"description":"Ingeniero por azar, autor por vocaci\u00f3n y redactor de contenidos sin querer. Amante de la tecnolog\u00eda, porque nos llevar\u00e1 donde nunca hemos estado antes.","sameAs":["http:\/\/www.marcosmartinez.me","https:\/\/bit.ly\/2MyrRbA","https:\/\/x.com\/https:\/\/twitter.com\/euklidiadas"]}]}},"_links":{"self":[{"href":"https:\/\/www.mycoyote.es\/blog\/wp-json\/wp\/v2\/posts\/2388","targetHints":{"allow":["GET"]}}],"collection":[{"href":"https:\/\/www.mycoyote.es\/blog\/wp-json\/wp\/v2\/posts"}],"about":[{"href":"https:\/\/www.mycoyote.es\/blog\/wp-json\/wp\/v2\/types\/post"}],"author":[{"embeddable":true,"href":"https:\/\/www.mycoyote.es\/blog\/wp-json\/wp\/v2\/users\/182"}],"replies":[{"embeddable":true,"href":"https:\/\/www.mycoyote.es\/blog\/wp-json\/wp\/v2\/comments?post=2388"}],"version-history":[{"count":0,"href":"https:\/\/www.mycoyote.es\/blog\/wp-json\/wp\/v2\/posts\/2388\/revisions"}],"wp:featuredmedia":[{"embeddable":true,"href":"https:\/\/www.mycoyote.es\/blog\/wp-json\/wp\/v2\/media\/2392"}],"wp:attachment":[{"href":"https:\/\/www.mycoyote.es\/blog\/wp-json\/wp\/v2\/media?parent=2388"}],"wp:term":[{"taxonomy":"category","embeddable":true,"href":"https:\/\/www.mycoyote.es\/blog\/wp-json\/wp\/v2\/categories?post=2388"},{"taxonomy":"post_tag","embeddable":true,"href":"https:\/\/www.mycoyote.es\/blog\/wp-json\/wp\/v2\/tags?post=2388"}],"curies":[{"name":"wp","href":"https:\/\/api.w.org\/{rel}","templated":true}]}}